{"id":956,"date":"2015-06-23T19:05:46","date_gmt":"2015-06-23T17:05:46","guid":{"rendered":"http:\/\/www.ferrogal.com\/blog\/?p=956"},"modified":"2015-06-23T19:05:46","modified_gmt":"2015-06-23T17:05:46","slug":"catalogo-ferrokey-verano-2015","status":"publish","type":"post","link":"https:\/\/www.ferrogal.com\/blog\/2015\/06\/23\/catalogo-ferrokey-verano-2015\/","title":{"rendered":"Cat\u00e1logo Ferrokey Verano 2015"},"content":{"rendered":"<p>El cat\u00e1logo de Ferrokey Verano 2015 viene repleto de art\u00edculos de primera calidad a los mejores precios.<\/p>\n<p>Como en otras ocasiones encontramos un sinf\u00edn de novedades y tambi\u00e9n otros productos que se repiten a\u00f1o tras a\u00f1o.<\/p>\n<p><a href=\"http:\/\/www.ferrogal.com\/descargar\/descargas\/folleto_ferrokey_verano_2015_(1).pdf\"><img fetchpriority=\"high\" decoding=\"async\" class=\"aligncenter size-medium wp-image-957\" title=\"veranoFerrokey\" src=\"http:\/\/www.ferrogal.com\/blog\/wp-content\/uploads\/2015\/06\/veranoFerrokey-246x300.jpg\" alt=\"\" width=\"246\" height=\"300\" srcset=\"https:\/\/www.ferrogal.com\/blog\/wp-content\/uploads\/2015\/06\/veranoFerrokey-246x300.jpg 246w, https:\/\/www.ferrogal.com\/blog\/wp-content\/uploads\/2015\/06\/veranoFerrokey.jpg 617w\" sizes=\"(max-width: 246px) 100vw, 246px\" \/><\/a><\/p>\n<p>Entre lo m\u00e1s destacado encontramos la gama de ventilaci\u00f3n con un gran surtido en ventiladores y aires acondicionados.<\/p>\n<p>Otra l\u00ednea a destacar es la relativa a bricolaje donde encontramos herramienta el\u00e9ctrica, adhesivos, pinturas, escaleras.<\/p>\n<p>En la familia de hogar\u00a0 est\u00e1 la secci\u00f3n de electr\u00f3nica, PAE, menaje\u2026<\/p>\n<p>Y por \u00faltimo podemos encontrar otra colecci\u00f3n de art\u00edculos destinados al tiempo libre como tumbona, neveras de camping.<\/p>\n<p>Si quieres echarle un vistazo<a href=\"http:\/\/www.ferrogal.com\/descargar\/descargas\/folleto_ferrokey_verano_2015_(1).pdf\"> pincha en este enlace y desc\u00e1rgate el PDF<\/a>.<\/p>\n<p>En el caso de que quieras comprar algo puedes buscarlo <a href=\"http:\/\/www.ferrogal.com\/index.html\">en nuestra web<\/a>.<\/p>\n","protected":false},"excerpt":{"rendered":"<p>El cat\u00e1logo de Ferrokey Verano 2015 viene repleto de art\u00edculos de primera calidad a los mejores precios. Como en otras ocasiones encontramos un sinf\u00edn de novedades y tambi\u00e9n otros productos que se repiten a\u00f1o tras a\u00f1o. Entre lo m\u00e1s destacado encontramos la gama de ventilaci\u00f3n con un gran surtido en ventiladores y aires acondicionados. Otra [&hellip;]<\/p>\n","protected":false},"author":1,"featured_media":957,"comment_status":"open","ping_status":"open","sticky":false,"template":"","format":"standard","meta":{"footnotes":""},"categories":[10],"tags":[13,14,42],"class_list":["post-956","post","type-post","status-publish","format-standard","has-post-thumbnail","hentry","category-catalogos","tag-catalogo","tag-ferrokey","tag-verano"],"yoast_head":"<!-- This site is optimized with the Yoast SEO plugin v27.4 - https:\/\/yoast.com\/product\/yoast-seo-wordpress\/ -->\n<title>Cat\u00e1logo Ferrokey Verano 2015  - Ferreter\u00eda Ferrogal<\/title>\n<meta name=\"robots\" content=\"index, follow, max-snippet:-1, max-image-preview:large, max-video-preview:-1\" \/>\n<link rel=\"canonical\" href=\"https:\/\/www.ferrogal.com\/blog\/2015\/06\/23\/catalogo-ferrokey-verano-2015\/\" \/>\n<meta property=\"og:locale\" content=\"es_ES\" \/>\n<meta property=\"og:type\" content=\"article\" \/>\n<meta property=\"og:title\" content=\"Cat\u00e1logo Ferrokey Verano 2015  - Ferreter\u00eda Ferrogal\" \/>\n<meta property=\"og:description\" content=\"El cat\u00e1logo de Ferrokey Verano 2015 viene repleto de art\u00edculos de primera calidad a los mejores precios. Como en otras ocasiones encontramos un sinf\u00edn de novedades y tambi\u00e9n otros productos que se repiten a\u00f1o tras a\u00f1o. Entre lo m\u00e1s destacado encontramos la gama de ventilaci\u00f3n con un gran surtido en ventiladores y aires acondicionados. Otra [&hellip;]\" \/>\n<meta property=\"og:url\" content=\"https:\/\/www.ferrogal.com\/blog\/2015\/06\/23\/catalogo-ferrokey-verano-2015\/\" \/>\n<meta property=\"og:site_name\" content=\"Ferreter\u00eda Ferrogal\" \/>\n<meta property=\"article:publisher\" content=\"https:\/\/www.facebook.com\/FERROGAL\" \/>\n<meta property=\"article:published_time\" content=\"2015-06-23T17:05:46+00:00\" \/>\n<meta property=\"og:image\" content=\"https:\/\/www.ferrogal.com\/blog\/wp-content\/uploads\/2015\/06\/veranoFerrokey.jpg\" \/>\n\t<meta property=\"og:image:width\" content=\"617\" \/>\n\t<meta property=\"og:image:height\" content=\"750\" \/>\n\t<meta property=\"og:image:type\" content=\"image\/jpeg\" \/>\n<meta name=\"author\" content=\"Ferrogal - Ferreteria online\" \/>\n<meta name=\"twitter:card\" content=\"summary_large_image\" \/>\n<meta name=\"twitter:creator\" content=\"@ferrogal\" \/>\n<meta name=\"twitter:site\" content=\"@ferrogal\" \/>\n<meta name=\"twitter:label1\" content=\"Escrito por\" \/>\n\t<meta name=\"twitter:data1\" content=\"Ferrogal - Ferreteria online\" \/>\n\t<meta name=\"twitter:label2\" content=\"Tiempo de lectura\" \/>\n\t<meta name=\"twitter:data2\" content=\"1 minuto\" \/>\n<script type=\"application\/ld+json\" class=\"yoast-schema-graph\">{\"@context\":\"https:\\\/\\\/schema.org\",\"@graph\":[{\"@type\":\"Article\",\"@id\":\"https:\\\/\\\/www.ferrogal.com\\\/blog\\\/2015\\\/06\\\/23\\\/catalogo-ferrokey-verano-2015\\\/#article\",\"isPartOf\":{\"@id\":\"https:\\\/\\\/www.ferrogal.com\\\/blog\\\/2015\\\/06\\\/23\\\/catalogo-ferrokey-verano-2015\\\/\"},\"author\":{\"name\":\"Ferrogal - Ferreteria online\",\"@id\":\"https:\\\/\\\/www.ferrogal.com\\\/blog\\\/#\\\/schema\\\/person\\\/743e4c8308fe1ee9b1cad155d7ad4e1d\"},\"headline\":\"Cat\u00e1logo Ferrokey Verano 2015\",\"datePublished\":\"2015-06-23T17:05:46+00:00\",\"mainEntityOfPage\":{\"@id\":\"https:\\\/\\\/www.ferrogal.com\\\/blog\\\/2015\\\/06\\\/23\\\/catalogo-ferrokey-verano-2015\\\/\"},\"wordCount\":144,\"commentCount\":0,\"publisher\":{\"@id\":\"https:\\\/\\\/www.ferrogal.com\\\/blog\\\/#organization\"},\"image\":{\"@id\":\"https:\\\/\\\/www.ferrogal.com\\\/blog\\\/2015\\\/06\\\/23\\\/catalogo-ferrokey-verano-2015\\\/#primaryimage\"},\"thumbnailUrl\":\"https:\\\/\\\/www.ferrogal.com\\\/blog\\\/wp-content\\\/uploads\\\/2015\\\/06\\\/veranoFerrokey.jpg\",\"keywords\":[\"Cat\u00e1logo\",\"Ferrokey\",\"verano\"],\"articleSection\":[\"Cat\u00e1logos\"],\"inLanguage\":\"es\",\"potentialAction\":[{\"@type\":\"CommentAction\",\"name\":\"Comment\",\"target\":[\"https:\\\/\\\/www.ferrogal.com\\\/blog\\\/2015\\\/06\\\/23\\\/catalogo-ferrokey-verano-2015\\\/#respond\"]}]},{\"@type\":\"WebPage\",\"@id\":\"https:\\\/\\\/www.ferrogal.com\\\/blog\\\/2015\\\/06\\\/23\\\/catalogo-ferrokey-verano-2015\\\/\",\"url\":\"https:\\\/\\\/www.ferrogal.com\\\/blog\\\/2015\\\/06\\\/23\\\/catalogo-ferrokey-verano-2015\\\/\",\"name\":\"Cat\u00e1logo Ferrokey Verano 2015 - Ferreter\u00eda Ferrogal\",\"isPartOf\":{\"@id\":\"https:\\\/\\\/www.ferrogal.com\\\/blog\\\/#website\"},\"primaryImageOfPage\":{\"@id\":\"https:\\\/\\\/www.ferrogal.com\\\/blog\\\/2015\\\/06\\\/23\\\/catalogo-ferrokey-verano-2015\\\/#primaryimage\"},\"image\":{\"@id\":\"https:\\\/\\\/www.ferrogal.com\\\/blog\\\/2015\\\/06\\\/23\\\/catalogo-ferrokey-verano-2015\\\/#primaryimage\"},\"thumbnailUrl\":\"https:\\\/\\\/www.ferrogal.com\\\/blog\\\/wp-content\\\/uploads\\\/2015\\\/06\\\/veranoFerrokey.jpg\",\"datePublished\":\"2015-06-23T17:05:46+00:00\",\"breadcrumb\":{\"@id\":\"https:\\\/\\\/www.ferrogal.com\\\/blog\\\/2015\\\/06\\\/23\\\/catalogo-ferrokey-verano-2015\\\/#breadcrumb\"},\"inLanguage\":\"es\",\"potentialAction\":[{\"@type\":\"ReadAction\",\"target\":[\"https:\\\/\\\/www.ferrogal.com\\\/blog\\\/2015\\\/06\\\/23\\\/catalogo-ferrokey-verano-2015\\\/\"]}]},{\"@type\":\"ImageObject\",\"inLanguage\":\"es\",\"@id\":\"https:\\\/\\\/www.ferrogal.com\\\/blog\\\/2015\\\/06\\\/23\\\/catalogo-ferrokey-verano-2015\\\/#primaryimage\",\"url\":\"https:\\\/\\\/www.ferrogal.com\\\/blog\\\/wp-content\\\/uploads\\\/2015\\\/06\\\/veranoFerrokey.jpg\",\"contentUrl\":\"https:\\\/\\\/www.ferrogal.com\\\/blog\\\/wp-content\\\/uploads\\\/2015\\\/06\\\/veranoFerrokey.jpg\",\"width\":\"617\",\"height\":\"750\"},{\"@type\":\"BreadcrumbList\",\"@id\":\"https:\\\/\\\/www.ferrogal.com\\\/blog\\\/2015\\\/06\\\/23\\\/catalogo-ferrokey-verano-2015\\\/#breadcrumb\",\"itemListElement\":[{\"@type\":\"ListItem\",\"position\":1,\"name\":\"Portada\",\"item\":\"https:\\\/\\\/www.ferrogal.com\\\/blog\\\/\"},{\"@type\":\"ListItem\",\"position\":2,\"name\":\"Cat\u00e1logos\",\"item\":\"https:\\\/\\\/www.ferrogal.com\\\/blog\\\/category\\\/catalogos\\\/\"},{\"@type\":\"ListItem\",\"position\":3,\"name\":\"Cat\u00e1logo Ferrokey Verano 2015\"}]},{\"@type\":\"WebSite\",\"@id\":\"https:\\\/\\\/www.ferrogal.com\\\/blog\\\/#website\",\"url\":\"https:\\\/\\\/www.ferrogal.com\\\/blog\\\/\",\"name\":\"Ferreter\u00eda Ferrogal\",\"description\":\"Zamora 980 519 720 \\\/ 980 526 018\",\"publisher\":{\"@id\":\"https:\\\/\\\/www.ferrogal.com\\\/blog\\\/#organization\"},\"potentialAction\":[{\"@type\":\"SearchAction\",\"target\":{\"@type\":\"EntryPoint\",\"urlTemplate\":\"https:\\\/\\\/www.ferrogal.com\\\/blog\\\/?s={search_term_string}\"},\"query-input\":{\"@type\":\"PropertyValueSpecification\",\"valueRequired\":true,\"valueName\":\"search_term_string\"}}],\"inLanguage\":\"es\"},{\"@type\":\"Organization\",\"@id\":\"https:\\\/\\\/www.ferrogal.com\\\/blog\\\/#organization\",\"name\":\"Ferreter\u00edas Ferrogal\",\"url\":\"https:\\\/\\\/www.ferrogal.com\\\/blog\\\/\",\"logo\":{\"@type\":\"ImageObject\",\"inLanguage\":\"es\",\"@id\":\"https:\\\/\\\/www.ferrogal.com\\\/blog\\\/#\\\/schema\\\/logo\\\/image\\\/\",\"url\":\"https:\\\/\\\/www.ferrogal.com\\\/blog\\\/wp-content\\\/uploads\\\/2022\\\/05\\\/logo.png\",\"contentUrl\":\"https:\\\/\\\/www.ferrogal.com\\\/blog\\\/wp-content\\\/uploads\\\/2022\\\/05\\\/logo.png\",\"width\":250,\"height\":53,\"caption\":\"Ferreter\u00edas Ferrogal\"},\"image\":{\"@id\":\"https:\\\/\\\/www.ferrogal.com\\\/blog\\\/#\\\/schema\\\/logo\\\/image\\\/\"},\"sameAs\":[\"https:\\\/\\\/www.facebook.com\\\/FERROGAL\",\"https:\\\/\\\/x.com\\\/ferrogal\",\"https:\\\/\\\/www.youtube.com\\\/user\\\/jcpgalan?feature=CBIQwRs=\"]},{\"@type\":\"Person\",\"@id\":\"https:\\\/\\\/www.ferrogal.com\\\/blog\\\/#\\\/schema\\\/person\\\/743e4c8308fe1ee9b1cad155d7ad4e1d\",\"name\":\"Ferrogal - Ferreteria online\"}]}<\/script>\n<!-- \/ Yoast SEO plugin. -->","yoast_head_json":{"title":"Cat\u00e1logo Ferrokey Verano 2015  - Ferreter\u00eda Ferrogal","robots":{"index":"index","follow":"follow","max-snippet":"max-snippet:-1","max-image-preview":"max-image-preview:large","max-video-preview":"max-video-preview:-1"},"canonical":"https:\/\/www.ferrogal.com\/blog\/2015\/06\/23\/catalogo-ferrokey-verano-2015\/","og_locale":"es_ES","og_type":"article","og_title":"Cat\u00e1logo Ferrokey Verano 2015  - Ferreter\u00eda Ferrogal","og_description":"El cat\u00e1logo de Ferrokey Verano 2015 viene repleto de art\u00edculos de primera calidad a los mejores precios. Como en otras ocasiones encontramos un sinf\u00edn de novedades y tambi\u00e9n otros productos que se repiten a\u00f1o tras a\u00f1o. Entre lo m\u00e1s destacado encontramos la gama de ventilaci\u00f3n con un gran surtido en ventiladores y aires acondicionados. Otra [&hellip;]","og_url":"https:\/\/www.ferrogal.com\/blog\/2015\/06\/23\/catalogo-ferrokey-verano-2015\/","og_site_name":"Ferreter\u00eda Ferrogal","article_publisher":"https:\/\/www.facebook.com\/FERROGAL","article_published_time":"2015-06-23T17:05:46+00:00","og_image":[{"width":617,"height":750,"url":"https:\/\/www.ferrogal.com\/blog\/wp-content\/uploads\/2015\/06\/veranoFerrokey.jpg","type":"image\/jpeg"}],"author":"Ferrogal - Ferreteria online","twitter_card":"summary_large_image","twitter_creator":"@ferrogal","twitter_site":"@ferrogal","twitter_misc":{"Escrito por":"Ferrogal - Ferreteria online","Tiempo de lectura":"1 minuto"},"schema":{"@context":"https:\/\/schema.org","@graph":[{"@type":"Article","@id":"https:\/\/www.ferrogal.com\/blog\/2015\/06\/23\/catalogo-ferrokey-verano-2015\/#article","isPartOf":{"@id":"https:\/\/www.ferrogal.com\/blog\/2015\/06\/23\/catalogo-ferrokey-verano-2015\/"},"author":{"name":"Ferrogal - Ferreteria online","@id":"https:\/\/www.ferrogal.com\/blog\/#\/schema\/person\/743e4c8308fe1ee9b1cad155d7ad4e1d"},"headline":"Cat\u00e1logo Ferrokey Verano 2015","datePublished":"2015-06-23T17:05:46+00:00","mainEntityOfPage":{"@id":"https:\/\/www.ferrogal.com\/blog\/2015\/06\/23\/catalogo-ferrokey-verano-2015\/"},"wordCount":144,"commentCount":0,"publisher":{"@id":"https:\/\/www.ferrogal.com\/blog\/#organization"},"image":{"@id":"https:\/\/www.ferrogal.com\/blog\/2015\/06\/23\/catalogo-ferrokey-verano-2015\/#primaryimage"},"thumbnailUrl":"https:\/\/www.ferrogal.com\/blog\/wp-content\/uploads\/2015\/06\/veranoFerrokey.jpg","keywords":["Cat\u00e1logo","Ferrokey","verano"],"articleSection":["Cat\u00e1logos"],"inLanguage":"es","potentialAction":[{"@type":"CommentAction","name":"Comment","target":["https:\/\/www.ferrogal.com\/blog\/2015\/06\/23\/catalogo-ferrokey-verano-2015\/#respond"]}]},{"@type":"WebPage","@id":"https:\/\/www.ferrogal.com\/blog\/2015\/06\/23\/catalogo-ferrokey-verano-2015\/","url":"https:\/\/www.ferrogal.com\/blog\/2015\/06\/23\/catalogo-ferrokey-verano-2015\/","name":"Cat\u00e1logo Ferrokey Verano 2015 - Ferreter\u00eda Ferrogal","isPartOf":{"@id":"https:\/\/www.ferrogal.com\/blog\/#website"},"primaryImageOfPage":{"@id":"https:\/\/www.ferrogal.com\/blog\/2015\/06\/23\/catalogo-ferrokey-verano-2015\/#primaryimage"},"image":{"@id":"https:\/\/www.ferrogal.com\/blog\/2015\/06\/23\/catalogo-ferrokey-verano-2015\/#primaryimage"},"thumbnailUrl":"https:\/\/www.ferrogal.com\/blog\/wp-content\/uploads\/2015\/06\/veranoFerrokey.jpg","datePublished":"2015-06-23T17:05:46+00:00","breadcrumb":{"@id":"https:\/\/www.ferrogal.com\/blog\/2015\/06\/23\/catalogo-ferrokey-verano-2015\/#breadcrumb"},"inLanguage":"es","potentialAction":[{"@type":"ReadAction","target":["https:\/\/www.ferrogal.com\/blog\/2015\/06\/23\/catalogo-ferrokey-verano-2015\/"]}]},{"@type":"ImageObject","inLanguage":"es","@id":"https:\/\/www.ferrogal.com\/blog\/2015\/06\/23\/catalogo-ferrokey-verano-2015\/#primaryimage","url":"https:\/\/www.ferrogal.com\/blog\/wp-content\/uploads\/2015\/06\/veranoFerrokey.jpg","contentUrl":"https:\/\/www.ferrogal.com\/blog\/wp-content\/uploads\/2015\/06\/veranoFerrokey.jpg","width":"617","height":"750"},{"@type":"BreadcrumbList","@id":"https:\/\/www.ferrogal.com\/blog\/2015\/06\/23\/catalogo-ferrokey-verano-2015\/#breadcrumb","itemListElement":[{"@type":"ListItem","position":1,"name":"Portada","item":"https:\/\/www.ferrogal.com\/blog\/"},{"@type":"ListItem","position":2,"name":"Cat\u00e1logos","item":"https:\/\/www.ferrogal.com\/blog\/category\/catalogos\/"},{"@type":"ListItem","position":3,"name":"Cat\u00e1logo Ferrokey Verano 2015"}]},{"@type":"WebSite","@id":"https:\/\/www.ferrogal.com\/blog\/#website","url":"https:\/\/www.ferrogal.com\/blog\/","name":"Ferreter\u00eda Ferrogal","description":"Zamora 980 519 720 \/ 980 526 018","publisher":{"@id":"https:\/\/www.ferrogal.com\/blog\/#organization"},"potentialAction":[{"@type":"SearchAction","target":{"@type":"EntryPoint","urlTemplate":"https:\/\/www.ferrogal.com\/blog\/?s={search_term_string}"},"query-input":{"@type":"PropertyValueSpecification","valueRequired":true,"valueName":"search_term_string"}}],"inLanguage":"es"},{"@type":"Organization","@id":"https:\/\/www.ferrogal.com\/blog\/#organization","name":"Ferreter\u00edas Ferrogal","url":"https:\/\/www.ferrogal.com\/blog\/","logo":{"@type":"ImageObject","inLanguage":"es","@id":"https:\/\/www.ferrogal.com\/blog\/#\/schema\/logo\/image\/","url":"https:\/\/www.ferrogal.com\/blog\/wp-content\/uploads\/2022\/05\/logo.png","contentUrl":"https:\/\/www.ferrogal.com\/blog\/wp-content\/uploads\/2022\/05\/logo.png","width":250,"height":53,"caption":"Ferreter\u00edas Ferrogal"},"image":{"@id":"https:\/\/www.ferrogal.com\/blog\/#\/schema\/logo\/image\/"},"sameAs":["https:\/\/www.facebook.com\/FERROGAL","https:\/\/x.com\/ferrogal","https:\/\/www.youtube.com\/user\/jcpgalan?feature=CBIQwRs="]},{"@type":"Person","@id":"https:\/\/www.ferrogal.com\/blog\/#\/schema\/person\/743e4c8308fe1ee9b1cad155d7ad4e1d","name":"Ferrogal - Ferreteria online"}]}},"_links":{"self":[{"href":"https:\/\/www.ferrogal.com\/blog\/wp-json\/wp\/v2\/posts\/956","targetHints":{"allow":["GET"]}}],"collection":[{"href":"https:\/\/www.ferrogal.com\/blog\/wp-json\/wp\/v2\/posts"}],"about":[{"href":"https:\/\/www.ferrogal.com\/blog\/wp-json\/wp\/v2\/types\/post"}],"author":[{"embeddable":true,"href":"https:\/\/www.ferrogal.com\/blog\/wp-json\/wp\/v2\/users\/1"}],"replies":[{"embeddable":true,"href":"https:\/\/www.ferrogal.com\/blog\/wp-json\/wp\/v2\/comments?post=956"}],"version-history":[{"count":0,"href":"https:\/\/www.ferrogal.com\/blog\/wp-json\/wp\/v2\/posts\/956\/revisions"}],"wp:featuredmedia":[{"embeddable":true,"href":"https:\/\/www.ferrogal.com\/blog\/wp-json\/wp\/v2\/media\/957"}],"wp:attachment":[{"href":"https:\/\/www.ferrogal.com\/blog\/wp-json\/wp\/v2\/media?parent=956"}],"wp:term":[{"taxonomy":"category","embeddable":true,"href":"https:\/\/www.ferrogal.com\/blog\/wp-json\/wp\/v2\/categories?post=956"},{"taxonomy":"post_tag","embeddable":true,"href":"https:\/\/www.ferrogal.com\/blog\/wp-json\/wp\/v2\/tags?post=956"}],"curies":[{"name":"wp","href":"https:\/\/api.w.org\/{rel}","templated":true}]}}