{"id":692,"date":"2014-10-16T08:58:00","date_gmt":"2014-10-16T06:58:00","guid":{"rendered":"http:\/\/www.ferrogal.com\/blog\/?p=692"},"modified":"2014-10-16T08:58:00","modified_gmt":"2014-10-16T06:58:00","slug":"nivel-la-nueva-marca-blanca-de-comafe","status":"publish","type":"post","link":"https:\/\/www.ferrogal.com\/blog\/2014\/10\/16\/nivel-la-nueva-marca-blanca-de-comafe\/","title":{"rendered":"NIVEL la nueva marca blanca de Comafe"},"content":{"rendered":"<p>El pasado Junio Comafe nos presento a los socios la nueva Marca Blanca NIVEL, en estos primeros meses ya disponemos de una serie de art\u00edculos de muy buena calidad que se acompa\u00f1a con unos precios realmente competitivos.<a href=\"http:\/\/www.ferrogal.com\/blog\/wp-content\/uploads\/2014\/10\/NIvel.jpg\"><img fetchpriority=\"high\" decoding=\"async\" class=\"aligncenter size-medium wp-image-693\" title=\"NIvel\" src=\"http:\/\/www.ferrogal.com\/blog\/wp-content\/uploads\/2014\/10\/NIvel-300x197.jpg\" alt=\"\" width=\"300\" height=\"197\" srcset=\"https:\/\/www.ferrogal.com\/blog\/wp-content\/uploads\/2014\/10\/NIvel-300x197.jpg 300w, https:\/\/www.ferrogal.com\/blog\/wp-content\/uploads\/2014\/10\/NIvel.jpg 350w\" sizes=\"(max-width: 300px) 100vw, 300px\" \/><\/a><\/p>\n<p>Las l\u00edneas que ya hemos incluido en Ferrogal son<\/p>\n<p>Herramientas el\u00e9ctricas como taladros, lijadoras, sierras de calar\u2026<\/p>\n<p><a href=\"http:\/\/www.ferrogal.com\/blog\/wp-content\/uploads\/2014\/10\/taladrobateria.jpg\"><img decoding=\"async\" class=\"aligncenter size-medium wp-image-699\" title=\"taladrobateria\" src=\"http:\/\/www.ferrogal.com\/blog\/wp-content\/uploads\/2014\/10\/taladrobateria-300x257.jpg\" alt=\"\" width=\"300\" height=\"257\" srcset=\"https:\/\/www.ferrogal.com\/blog\/wp-content\/uploads\/2014\/10\/taladrobateria-300x257.jpg 300w, https:\/\/www.ferrogal.com\/blog\/wp-content\/uploads\/2014\/10\/taladrobateria-1024x878.jpg 1024w, https:\/\/www.ferrogal.com\/blog\/wp-content\/uploads\/2014\/10\/taladrobateria.jpg 1112w\" sizes=\"(max-width: 300px) 100vw, 300px\" \/><\/a><\/p>\n<p>Protecci\u00f3n laboral en la que ya disponemos de una variedad importante de mascarillas de protecci\u00f3n FFP1, FFP2, FFP3<\/p>\n<p><a href=\"http:\/\/www.ferrogal.com\/blog\/wp-content\/uploads\/2014\/10\/mascarilla.jpg\"><img decoding=\"async\" class=\"aligncenter size-medium wp-image-700\" title=\"mascarilla\" src=\"http:\/\/www.ferrogal.com\/blog\/wp-content\/uploads\/2014\/10\/mascarilla-300x200.jpg\" alt=\"\" width=\"300\" height=\"200\" srcset=\"https:\/\/www.ferrogal.com\/blog\/wp-content\/uploads\/2014\/10\/mascarilla-300x200.jpg 300w, https:\/\/www.ferrogal.com\/blog\/wp-content\/uploads\/2014\/10\/mascarilla-1024x682.jpg 1024w\" sizes=\"(max-width: 300px) 100vw, 300px\" \/><\/a><\/p>\n<p>Medici\u00f3n con la incorporaci\u00f3n de dos l\u00edneas de flex\u00f3metros carcasa bimaterial y carcasa met\u00e1lica en 3,5 y 8 metros<\/p>\n<p>Herramienta manual como por ejemplo macetas y martillos con mango de madera o mango de fibra de vidrio.<\/p>\n<p><a href=\"http:\/\/www.ferrogal.com\/blog\/wp-content\/uploads\/2014\/10\/maceta.jpg\"><img loading=\"lazy\" decoding=\"async\" class=\"aligncenter size-medium wp-image-701\" title=\"maceta\" src=\"http:\/\/www.ferrogal.com\/blog\/wp-content\/uploads\/2014\/10\/maceta-200x300.jpg\" alt=\"\" width=\"200\" height=\"300\" srcset=\"https:\/\/www.ferrogal.com\/blog\/wp-content\/uploads\/2014\/10\/maceta-200x300.jpg 200w, https:\/\/www.ferrogal.com\/blog\/wp-content\/uploads\/2014\/10\/maceta-682x1024.jpg 682w\" sizes=\"(max-width: 200px) 100vw, 200px\" \/><\/a><\/p>\n<p>Un gran surtido de juegos de llaves vaso con 7 referencias<\/p>\n<p><a href=\"http:\/\/www.ferrogal.com\/blog\/wp-content\/uploads\/2014\/10\/juegollavescarraca.jpg\"><img loading=\"lazy\" decoding=\"async\" class=\"aligncenter size-medium wp-image-702\" title=\"juegollavescarraca\" src=\"http:\/\/www.ferrogal.com\/blog\/wp-content\/uploads\/2014\/10\/juegollavescarraca-261x300.jpg\" alt=\"\" width=\"261\" height=\"300\" srcset=\"https:\/\/www.ferrogal.com\/blog\/wp-content\/uploads\/2014\/10\/juegollavescarraca-261x300.jpg 261w, https:\/\/www.ferrogal.com\/blog\/wp-content\/uploads\/2014\/10\/juegollavescarraca-894x1024.jpg 894w\" sizes=\"(max-width: 261px) 100vw, 261px\" \/><\/a><\/p>\n<p>Y poco a poco iremos aumentando la oferta \u00a0con muchos m\u00e1s art\u00edculos, si te interesan estas novedades puedes buscarlas en nuestra <a href=\"http:\/\/www.ferrogal.com\/entrada\/nivel-calidad-profesional-_15.html\">web<\/a><\/p>\n<p>&nbsp;<\/p>\n","protected":false},"excerpt":{"rendered":"<p>El pasado Junio Comafe nos presento a los socios la nueva Marca Blanca NIVEL, en estos primeros meses ya disponemos de una serie de art\u00edculos de muy buena calidad que se acompa\u00f1a con unos precios realmente competitivos. Las l\u00edneas que ya hemos incluido en Ferrogal son Herramientas el\u00e9ctricas como taladros, lijadoras, sierras de calar\u2026 Protecci\u00f3n [&hellip;]<\/p>\n","protected":false},"author":1,"featured_media":693,"comment_status":"open","ping_status":"open","sticky":false,"template":"","format":"standard","meta":{"footnotes":""},"categories":[1,3],"tags":[15,14,28],"class_list":["post-692","post","type-post","status-publish","format-standard","has-post-thumbnail","hentry","category-bricolaje","category-profesional","tag-comafe","tag-ferrokey","tag-herramientas"],"yoast_head":"<!-- This site is optimized with the Yoast SEO plugin v27.4 - https:\/\/yoast.com\/product\/yoast-seo-wordpress\/ -->\n<title>NIVEL la nueva marca blanca de Comafe - Ferreter\u00eda Ferrogal<\/title>\n<meta name=\"robots\" content=\"index, follow, max-snippet:-1, max-image-preview:large, max-video-preview:-1\" \/>\n<link rel=\"canonical\" href=\"https:\/\/www.ferrogal.com\/blog\/2014\/10\/16\/nivel-la-nueva-marca-blanca-de-comafe\/\" \/>\n<meta property=\"og:locale\" content=\"es_ES\" \/>\n<meta property=\"og:type\" content=\"article\" \/>\n<meta property=\"og:title\" content=\"NIVEL la nueva marca blanca de Comafe - Ferreter\u00eda Ferrogal\" \/>\n<meta property=\"og:description\" content=\"El pasado Junio Comafe nos presento a los socios la nueva Marca Blanca NIVEL, en estos primeros meses ya disponemos de una serie de art\u00edculos de muy buena calidad que se acompa\u00f1a con unos precios realmente competitivos. Las l\u00edneas que ya hemos incluido en Ferrogal son Herramientas el\u00e9ctricas como taladros, lijadoras, sierras de calar\u2026 Protecci\u00f3n [&hellip;]\" \/>\n<meta property=\"og:url\" content=\"https:\/\/www.ferrogal.com\/blog\/2014\/10\/16\/nivel-la-nueva-marca-blanca-de-comafe\/\" \/>\n<meta property=\"og:site_name\" content=\"Ferreter\u00eda Ferrogal\" \/>\n<meta property=\"article:publisher\" content=\"https:\/\/www.facebook.com\/FERROGAL\" \/>\n<meta property=\"article:published_time\" content=\"2014-10-16T06:58:00+00:00\" \/>\n<meta property=\"og:image\" content=\"https:\/\/www.ferrogal.com\/blog\/wp-content\/uploads\/2014\/10\/NIvel.jpg\" \/>\n\t<meta property=\"og:image:width\" content=\"350\" \/>\n\t<meta property=\"og:image:height\" content=\"230\" \/>\n\t<meta property=\"og:image:type\" content=\"image\/jpeg\" \/>\n<meta name=\"author\" content=\"Ferrogal - Ferreteria online\" \/>\n<meta name=\"twitter:card\" content=\"summary_large_image\" \/>\n<meta name=\"twitter:creator\" content=\"@ferrogal\" \/>\n<meta name=\"twitter:site\" content=\"@ferrogal\" \/>\n<meta name=\"twitter:label1\" content=\"Escrito por\" \/>\n\t<meta name=\"twitter:data1\" content=\"Ferrogal - Ferreteria online\" \/>\n\t<meta name=\"twitter:label2\" content=\"Tiempo de lectura\" \/>\n\t<meta name=\"twitter:data2\" content=\"1 minuto\" \/>\n<script type=\"application\/ld+json\" class=\"yoast-schema-graph\">{\"@context\":\"https:\\\/\\\/schema.org\",\"@graph\":[{\"@type\":\"Article\",\"@id\":\"https:\\\/\\\/www.ferrogal.com\\\/blog\\\/2014\\\/10\\\/16\\\/nivel-la-nueva-marca-blanca-de-comafe\\\/#article\",\"isPartOf\":{\"@id\":\"https:\\\/\\\/www.ferrogal.com\\\/blog\\\/2014\\\/10\\\/16\\\/nivel-la-nueva-marca-blanca-de-comafe\\\/\"},\"author\":{\"name\":\"Ferrogal - Ferreteria online\",\"@id\":\"https:\\\/\\\/www.ferrogal.com\\\/blog\\\/#\\\/schema\\\/person\\\/743e4c8308fe1ee9b1cad155d7ad4e1d\"},\"headline\":\"NIVEL la nueva marca blanca de Comafe\",\"datePublished\":\"2014-10-16T06:58:00+00:00\",\"mainEntityOfPage\":{\"@id\":\"https:\\\/\\\/www.ferrogal.com\\\/blog\\\/2014\\\/10\\\/16\\\/nivel-la-nueva-marca-blanca-de-comafe\\\/\"},\"wordCount\":160,\"commentCount\":0,\"publisher\":{\"@id\":\"https:\\\/\\\/www.ferrogal.com\\\/blog\\\/#organization\"},\"image\":{\"@id\":\"https:\\\/\\\/www.ferrogal.com\\\/blog\\\/2014\\\/10\\\/16\\\/nivel-la-nueva-marca-blanca-de-comafe\\\/#primaryimage\"},\"thumbnailUrl\":\"https:\\\/\\\/www.ferrogal.com\\\/blog\\\/wp-content\\\/uploads\\\/2014\\\/10\\\/NIvel.jpg\",\"keywords\":[\"Comafe\",\"Ferrokey\",\"herramientas\"],\"articleSection\":[\"Bricolaje\",\"Profesional\"],\"inLanguage\":\"es\",\"potentialAction\":[{\"@type\":\"CommentAction\",\"name\":\"Comment\",\"target\":[\"https:\\\/\\\/www.ferrogal.com\\\/blog\\\/2014\\\/10\\\/16\\\/nivel-la-nueva-marca-blanca-de-comafe\\\/#respond\"]}]},{\"@type\":\"WebPage\",\"@id\":\"https:\\\/\\\/www.ferrogal.com\\\/blog\\\/2014\\\/10\\\/16\\\/nivel-la-nueva-marca-blanca-de-comafe\\\/\",\"url\":\"https:\\\/\\\/www.ferrogal.com\\\/blog\\\/2014\\\/10\\\/16\\\/nivel-la-nueva-marca-blanca-de-comafe\\\/\",\"name\":\"NIVEL la nueva marca blanca de Comafe - Ferreter\u00eda Ferrogal\",\"isPartOf\":{\"@id\":\"https:\\\/\\\/www.ferrogal.com\\\/blog\\\/#website\"},\"primaryImageOfPage\":{\"@id\":\"https:\\\/\\\/www.ferrogal.com\\\/blog\\\/2014\\\/10\\\/16\\\/nivel-la-nueva-marca-blanca-de-comafe\\\/#primaryimage\"},\"image\":{\"@id\":\"https:\\\/\\\/www.ferrogal.com\\\/blog\\\/2014\\\/10\\\/16\\\/nivel-la-nueva-marca-blanca-de-comafe\\\/#primaryimage\"},\"thumbnailUrl\":\"https:\\\/\\\/www.ferrogal.com\\\/blog\\\/wp-content\\\/uploads\\\/2014\\\/10\\\/NIvel.jpg\",\"datePublished\":\"2014-10-16T06:58:00+00:00\",\"breadcrumb\":{\"@id\":\"https:\\\/\\\/www.ferrogal.com\\\/blog\\\/2014\\\/10\\\/16\\\/nivel-la-nueva-marca-blanca-de-comafe\\\/#breadcrumb\"},\"inLanguage\":\"es\",\"potentialAction\":[{\"@type\":\"ReadAction\",\"target\":[\"https:\\\/\\\/www.ferrogal.com\\\/blog\\\/2014\\\/10\\\/16\\\/nivel-la-nueva-marca-blanca-de-comafe\\\/\"]}]},{\"@type\":\"ImageObject\",\"inLanguage\":\"es\",\"@id\":\"https:\\\/\\\/www.ferrogal.com\\\/blog\\\/2014\\\/10\\\/16\\\/nivel-la-nueva-marca-blanca-de-comafe\\\/#primaryimage\",\"url\":\"https:\\\/\\\/www.ferrogal.com\\\/blog\\\/wp-content\\\/uploads\\\/2014\\\/10\\\/NIvel.jpg\",\"contentUrl\":\"https:\\\/\\\/www.ferrogal.com\\\/blog\\\/wp-content\\\/uploads\\\/2014\\\/10\\\/NIvel.jpg\",\"width\":\"350\",\"height\":\"230\"},{\"@type\":\"BreadcrumbList\",\"@id\":\"https:\\\/\\\/www.ferrogal.com\\\/blog\\\/2014\\\/10\\\/16\\\/nivel-la-nueva-marca-blanca-de-comafe\\\/#breadcrumb\",\"itemListElement\":[{\"@type\":\"ListItem\",\"position\":1,\"name\":\"Portada\",\"item\":\"https:\\\/\\\/www.ferrogal.com\\\/blog\\\/\"},{\"@type\":\"ListItem\",\"position\":2,\"name\":\"Bricolaje\",\"item\":\"https:\\\/\\\/www.ferrogal.com\\\/blog\\\/category\\\/bricolaje\\\/\"},{\"@type\":\"ListItem\",\"position\":3,\"name\":\"NIVEL la nueva marca blanca de Comafe\"}]},{\"@type\":\"WebSite\",\"@id\":\"https:\\\/\\\/www.ferrogal.com\\\/blog\\\/#website\",\"url\":\"https:\\\/\\\/www.ferrogal.com\\\/blog\\\/\",\"name\":\"Ferreter\u00eda Ferrogal\",\"description\":\"Zamora 980 519 720 \\\/ 980 526 018\",\"publisher\":{\"@id\":\"https:\\\/\\\/www.ferrogal.com\\\/blog\\\/#organization\"},\"potentialAction\":[{\"@type\":\"SearchAction\",\"target\":{\"@type\":\"EntryPoint\",\"urlTemplate\":\"https:\\\/\\\/www.ferrogal.com\\\/blog\\\/?s={search_term_string}\"},\"query-input\":{\"@type\":\"PropertyValueSpecification\",\"valueRequired\":true,\"valueName\":\"search_term_string\"}}],\"inLanguage\":\"es\"},{\"@type\":\"Organization\",\"@id\":\"https:\\\/\\\/www.ferrogal.com\\\/blog\\\/#organization\",\"name\":\"Ferreter\u00edas Ferrogal\",\"url\":\"https:\\\/\\\/www.ferrogal.com\\\/blog\\\/\",\"logo\":{\"@type\":\"ImageObject\",\"inLanguage\":\"es\",\"@id\":\"https:\\\/\\\/www.ferrogal.com\\\/blog\\\/#\\\/schema\\\/logo\\\/image\\\/\",\"url\":\"https:\\\/\\\/www.ferrogal.com\\\/blog\\\/wp-content\\\/uploads\\\/2022\\\/05\\\/logo.png\",\"contentUrl\":\"https:\\\/\\\/www.ferrogal.com\\\/blog\\\/wp-content\\\/uploads\\\/2022\\\/05\\\/logo.png\",\"width\":250,\"height\":53,\"caption\":\"Ferreter\u00edas Ferrogal\"},\"image\":{\"@id\":\"https:\\\/\\\/www.ferrogal.com\\\/blog\\\/#\\\/schema\\\/logo\\\/image\\\/\"},\"sameAs\":[\"https:\\\/\\\/www.facebook.com\\\/FERROGAL\",\"https:\\\/\\\/x.com\\\/ferrogal\",\"https:\\\/\\\/www.youtube.com\\\/user\\\/jcpgalan?feature=CBIQwRs=\"]},{\"@type\":\"Person\",\"@id\":\"https:\\\/\\\/www.ferrogal.com\\\/blog\\\/#\\\/schema\\\/person\\\/743e4c8308fe1ee9b1cad155d7ad4e1d\",\"name\":\"Ferrogal - Ferreteria online\"}]}<\/script>\n<!-- \/ Yoast SEO plugin. -->","yoast_head_json":{"title":"NIVEL la nueva marca blanca de Comafe - Ferreter\u00eda Ferrogal","robots":{"index":"index","follow":"follow","max-snippet":"max-snippet:-1","max-image-preview":"max-image-preview:large","max-video-preview":"max-video-preview:-1"},"canonical":"https:\/\/www.ferrogal.com\/blog\/2014\/10\/16\/nivel-la-nueva-marca-blanca-de-comafe\/","og_locale":"es_ES","og_type":"article","og_title":"NIVEL la nueva marca blanca de Comafe - Ferreter\u00eda Ferrogal","og_description":"El pasado Junio Comafe nos presento a los socios la nueva Marca Blanca NIVEL, en estos primeros meses ya disponemos de una serie de art\u00edculos de muy buena calidad que se acompa\u00f1a con unos precios realmente competitivos. Las l\u00edneas que ya hemos incluido en Ferrogal son Herramientas el\u00e9ctricas como taladros, lijadoras, sierras de calar\u2026 Protecci\u00f3n [&hellip;]","og_url":"https:\/\/www.ferrogal.com\/blog\/2014\/10\/16\/nivel-la-nueva-marca-blanca-de-comafe\/","og_site_name":"Ferreter\u00eda Ferrogal","article_publisher":"https:\/\/www.facebook.com\/FERROGAL","article_published_time":"2014-10-16T06:58:00+00:00","og_image":[{"width":350,"height":230,"url":"https:\/\/www.ferrogal.com\/blog\/wp-content\/uploads\/2014\/10\/NIvel.jpg","type":"image\/jpeg"}],"author":"Ferrogal - Ferreteria online","twitter_card":"summary_large_image","twitter_creator":"@ferrogal","twitter_site":"@ferrogal","twitter_misc":{"Escrito por":"Ferrogal - Ferreteria online","Tiempo de lectura":"1 minuto"},"schema":{"@context":"https:\/\/schema.org","@graph":[{"@type":"Article","@id":"https:\/\/www.ferrogal.com\/blog\/2014\/10\/16\/nivel-la-nueva-marca-blanca-de-comafe\/#article","isPartOf":{"@id":"https:\/\/www.ferrogal.com\/blog\/2014\/10\/16\/nivel-la-nueva-marca-blanca-de-comafe\/"},"author":{"name":"Ferrogal - Ferreteria online","@id":"https:\/\/www.ferrogal.com\/blog\/#\/schema\/person\/743e4c8308fe1ee9b1cad155d7ad4e1d"},"headline":"NIVEL la nueva marca blanca de Comafe","datePublished":"2014-10-16T06:58:00+00:00","mainEntityOfPage":{"@id":"https:\/\/www.ferrogal.com\/blog\/2014\/10\/16\/nivel-la-nueva-marca-blanca-de-comafe\/"},"wordCount":160,"commentCount":0,"publisher":{"@id":"https:\/\/www.ferrogal.com\/blog\/#organization"},"image":{"@id":"https:\/\/www.ferrogal.com\/blog\/2014\/10\/16\/nivel-la-nueva-marca-blanca-de-comafe\/#primaryimage"},"thumbnailUrl":"https:\/\/www.ferrogal.com\/blog\/wp-content\/uploads\/2014\/10\/NIvel.jpg","keywords":["Comafe","Ferrokey","herramientas"],"articleSection":["Bricolaje","Profesional"],"inLanguage":"es","potentialAction":[{"@type":"CommentAction","name":"Comment","target":["https:\/\/www.ferrogal.com\/blog\/2014\/10\/16\/nivel-la-nueva-marca-blanca-de-comafe\/#respond"]}]},{"@type":"WebPage","@id":"https:\/\/www.ferrogal.com\/blog\/2014\/10\/16\/nivel-la-nueva-marca-blanca-de-comafe\/","url":"https:\/\/www.ferrogal.com\/blog\/2014\/10\/16\/nivel-la-nueva-marca-blanca-de-comafe\/","name":"NIVEL la nueva marca blanca de Comafe - Ferreter\u00eda Ferrogal","isPartOf":{"@id":"https:\/\/www.ferrogal.com\/blog\/#website"},"primaryImageOfPage":{"@id":"https:\/\/www.ferrogal.com\/blog\/2014\/10\/16\/nivel-la-nueva-marca-blanca-de-comafe\/#primaryimage"},"image":{"@id":"https:\/\/www.ferrogal.com\/blog\/2014\/10\/16\/nivel-la-nueva-marca-blanca-de-comafe\/#primaryimage"},"thumbnailUrl":"https:\/\/www.ferrogal.com\/blog\/wp-content\/uploads\/2014\/10\/NIvel.jpg","datePublished":"2014-10-16T06:58:00+00:00","breadcrumb":{"@id":"https:\/\/www.ferrogal.com\/blog\/2014\/10\/16\/nivel-la-nueva-marca-blanca-de-comafe\/#breadcrumb"},"inLanguage":"es","potentialAction":[{"@type":"ReadAction","target":["https:\/\/www.ferrogal.com\/blog\/2014\/10\/16\/nivel-la-nueva-marca-blanca-de-comafe\/"]}]},{"@type":"ImageObject","inLanguage":"es","@id":"https:\/\/www.ferrogal.com\/blog\/2014\/10\/16\/nivel-la-nueva-marca-blanca-de-comafe\/#primaryimage","url":"https:\/\/www.ferrogal.com\/blog\/wp-content\/uploads\/2014\/10\/NIvel.jpg","contentUrl":"https:\/\/www.ferrogal.com\/blog\/wp-content\/uploads\/2014\/10\/NIvel.jpg","width":"350","height":"230"},{"@type":"BreadcrumbList","@id":"https:\/\/www.ferrogal.com\/blog\/2014\/10\/16\/nivel-la-nueva-marca-blanca-de-comafe\/#breadcrumb","itemListElement":[{"@type":"ListItem","position":1,"name":"Portada","item":"https:\/\/www.ferrogal.com\/blog\/"},{"@type":"ListItem","position":2,"name":"Bricolaje","item":"https:\/\/www.ferrogal.com\/blog\/category\/bricolaje\/"},{"@type":"ListItem","position":3,"name":"NIVEL la nueva marca blanca de Comafe"}]},{"@type":"WebSite","@id":"https:\/\/www.ferrogal.com\/blog\/#website","url":"https:\/\/www.ferrogal.com\/blog\/","name":"Ferreter\u00eda Ferrogal","description":"Zamora 980 519 720 \/ 980 526 018","publisher":{"@id":"https:\/\/www.ferrogal.com\/blog\/#organization"},"potentialAction":[{"@type":"SearchAction","target":{"@type":"EntryPoint","urlTemplate":"https:\/\/www.ferrogal.com\/blog\/?s={search_term_string}"},"query-input":{"@type":"PropertyValueSpecification","valueRequired":true,"valueName":"search_term_string"}}],"inLanguage":"es"},{"@type":"Organization","@id":"https:\/\/www.ferrogal.com\/blog\/#organization","name":"Ferreter\u00edas Ferrogal","url":"https:\/\/www.ferrogal.com\/blog\/","logo":{"@type":"ImageObject","inLanguage":"es","@id":"https:\/\/www.ferrogal.com\/blog\/#\/schema\/logo\/image\/","url":"https:\/\/www.ferrogal.com\/blog\/wp-content\/uploads\/2022\/05\/logo.png","contentUrl":"https:\/\/www.ferrogal.com\/blog\/wp-content\/uploads\/2022\/05\/logo.png","width":250,"height":53,"caption":"Ferreter\u00edas Ferrogal"},"image":{"@id":"https:\/\/www.ferrogal.com\/blog\/#\/schema\/logo\/image\/"},"sameAs":["https:\/\/www.facebook.com\/FERROGAL","https:\/\/x.com\/ferrogal","https:\/\/www.youtube.com\/user\/jcpgalan?feature=CBIQwRs="]},{"@type":"Person","@id":"https:\/\/www.ferrogal.com\/blog\/#\/schema\/person\/743e4c8308fe1ee9b1cad155d7ad4e1d","name":"Ferrogal - Ferreteria online"}]}},"_links":{"self":[{"href":"https:\/\/www.ferrogal.com\/blog\/wp-json\/wp\/v2\/posts\/692","targetHints":{"allow":["GET"]}}],"collection":[{"href":"https:\/\/www.ferrogal.com\/blog\/wp-json\/wp\/v2\/posts"}],"about":[{"href":"https:\/\/www.ferrogal.com\/blog\/wp-json\/wp\/v2\/types\/post"}],"author":[{"embeddable":true,"href":"https:\/\/www.ferrogal.com\/blog\/wp-json\/wp\/v2\/users\/1"}],"replies":[{"embeddable":true,"href":"https:\/\/www.ferrogal.com\/blog\/wp-json\/wp\/v2\/comments?post=692"}],"version-history":[{"count":0,"href":"https:\/\/www.ferrogal.com\/blog\/wp-json\/wp\/v2\/posts\/692\/revisions"}],"wp:featuredmedia":[{"embeddable":true,"href":"https:\/\/www.ferrogal.com\/blog\/wp-json\/wp\/v2\/media\/693"}],"wp:attachment":[{"href":"https:\/\/www.ferrogal.com\/blog\/wp-json\/wp\/v2\/media?parent=692"}],"wp:term":[{"taxonomy":"category","embeddable":true,"href":"https:\/\/www.ferrogal.com\/blog\/wp-json\/wp\/v2\/categories?post=692"},{"taxonomy":"post_tag","embeddable":true,"href":"https:\/\/www.ferrogal.com\/blog\/wp-json\/wp\/v2\/tags?post=692"}],"curies":[{"name":"wp","href":"https:\/\/api.w.org\/{rel}","templated":true}]}}