{"id":676,"date":"2014-09-25T10:31:10","date_gmt":"2014-09-25T08:31:10","guid":{"rendered":"http:\/\/www.ferrogal.com\/blog\/?p=676"},"modified":"2014-09-25T10:37:15","modified_gmt":"2014-09-25T08:37:15","slug":"catalogo-ferrokey-calefaccion-2014","status":"publish","type":"post","link":"https:\/\/www.ferrogal.com\/blog\/2014\/09\/25\/catalogo-ferrokey-calefaccion-2014\/","title":{"rendered":"Cat\u00e1logo Ferrokey Calefacci\u00f3n 2014"},"content":{"rendered":"<p>Como todos los a\u00f1os con el arranque del Oto\u00f1o presentamos el nuevo cat\u00e1logo de <a href=\"http:\/\/www.ferrogal.com\/recursos\/descargas\/docs\/comafe_calefaccion_ferrokey_2014.pdf\">Calefacci\u00f3n 2014 de Ferrokey<\/a> cuya vigencia va del 13 de Septiembre del 2014 hasta el 09 de Enero del 2015.<\/p>\n<p><a href=\"http:\/\/www.ferrogal.com\/blog\/wp-content\/uploads\/2014\/09\/CALEFACION2014.jpg\"><img fetchpriority=\"high\" decoding=\"async\" class=\"aligncenter size-medium wp-image-677\" title=\"CALEFACION2014\" src=\"http:\/\/www.ferrogal.com\/blog\/wp-content\/uploads\/2014\/09\/CALEFACION2014-246x300.jpg\" alt=\"\" width=\"246\" height=\"300\" srcset=\"https:\/\/www.ferrogal.com\/blog\/wp-content\/uploads\/2014\/09\/CALEFACION2014-246x300.jpg 246w, https:\/\/www.ferrogal.com\/blog\/wp-content\/uploads\/2014\/09\/CALEFACION2014.jpg 248w\" sizes=\"(max-width: 246px) 100vw, 246px\" \/><\/a><\/p>\n<p>Este a\u00f1o con el lema \u201cEste Invierno me quedo en Casa\u201d incluye m\u00e1s de 230 art\u00edculos relacionados con el mundo de la calefacci\u00f3n entre los que destacamos un aumento de referencias de estufas de pelets\u00a0 y de estufas de le\u00f1a, un gran surtido de mantas y almohadillas el\u00e9ctricas y muchas m\u00e1s cosas que pod\u00e9is descubrir en sus p\u00e1ginas\u00a0 descargando el PDF en nuestra web<\/p>\n<p>B\u00fascalo <a href=\"http:\/\/www.ferrogal.com\/index.html\">aqu\u00ed<\/a><\/p>\n<p>&nbsp;<\/p>\n<p>&nbsp;<\/p>\n","protected":false},"excerpt":{"rendered":"<p>Como todos los a\u00f1os con el arranque del Oto\u00f1o presentamos el nuevo cat\u00e1logo de Calefacci\u00f3n 2014 de Ferrokey cuya vigencia va del 13 de Septiembre del 2014 hasta el 09 de Enero del 2015. Este a\u00f1o con el lema \u201cEste Invierno me quedo en Casa\u201d incluye m\u00e1s de 230 art\u00edculos relacionados con el mundo de [&hellip;]<\/p>\n","protected":false},"author":1,"featured_media":678,"comment_status":"open","ping_status":"open","sticky":false,"template":"","format":"standard","meta":{"footnotes":""},"categories":[8,10,4],"tags":[46,13,14],"class_list":["post-676","post","type-post","status-publish","format-standard","has-post-thumbnail","hentry","category-calefaccion","category-catalogos","category-ferreteria","tag-calefaccion-2","tag-catalogo","tag-ferrokey"],"yoast_head":"<!-- This site is optimized with the Yoast SEO plugin v27.4 - https:\/\/yoast.com\/product\/yoast-seo-wordpress\/ -->\n<title>Cat\u00e1logo Ferrokey Calefacci\u00f3n 2014 - Ferreter\u00eda Ferrogal<\/title>\n<meta name=\"robots\" content=\"index, follow, max-snippet:-1, max-image-preview:large, max-video-preview:-1\" \/>\n<link rel=\"canonical\" href=\"https:\/\/www.ferrogal.com\/blog\/2014\/09\/25\/catalogo-ferrokey-calefaccion-2014\/\" \/>\n<meta property=\"og:locale\" content=\"es_ES\" \/>\n<meta property=\"og:type\" content=\"article\" \/>\n<meta property=\"og:title\" content=\"Cat\u00e1logo Ferrokey Calefacci\u00f3n 2014 - Ferreter\u00eda Ferrogal\" \/>\n<meta property=\"og:description\" content=\"Como todos los a\u00f1os con el arranque del Oto\u00f1o presentamos el nuevo cat\u00e1logo de Calefacci\u00f3n 2014 de Ferrokey cuya vigencia va del 13 de Septiembre del 2014 hasta el 09 de Enero del 2015. Este a\u00f1o con el lema \u201cEste Invierno me quedo en Casa\u201d incluye m\u00e1s de 230 art\u00edculos relacionados con el mundo de [&hellip;]\" \/>\n<meta property=\"og:url\" content=\"https:\/\/www.ferrogal.com\/blog\/2014\/09\/25\/catalogo-ferrokey-calefaccion-2014\/\" \/>\n<meta property=\"og:site_name\" content=\"Ferreter\u00eda Ferrogal\" \/>\n<meta property=\"article:publisher\" content=\"https:\/\/www.facebook.com\/FERROGAL\" \/>\n<meta property=\"article:published_time\" content=\"2014-09-25T08:31:10+00:00\" \/>\n<meta property=\"article:modified_time\" content=\"2014-09-25T08:37:15+00:00\" \/>\n<meta property=\"og:image\" content=\"https:\/\/www.ferrogal.com\/blog\/wp-content\/uploads\/2014\/09\/calefacion.jpg\" \/>\n\t<meta property=\"og:image:width\" content=\"670\" \/>\n\t<meta property=\"og:image:height\" content=\"230\" \/>\n\t<meta property=\"og:image:type\" content=\"image\/jpeg\" \/>\n<meta name=\"author\" content=\"Ferrogal - Ferreteria online\" \/>\n<meta name=\"twitter:card\" content=\"summary_large_image\" \/>\n<meta name=\"twitter:creator\" content=\"@ferrogal\" \/>\n<meta name=\"twitter:site\" content=\"@ferrogal\" \/>\n<meta name=\"twitter:label1\" content=\"Escrito por\" \/>\n\t<meta name=\"twitter:data1\" content=\"Ferrogal - Ferreteria online\" \/>\n\t<meta name=\"twitter:label2\" content=\"Tiempo de lectura\" \/>\n\t<meta name=\"twitter:data2\" content=\"1 minuto\" \/>\n<script type=\"application\/ld+json\" class=\"yoast-schema-graph\">{\"@context\":\"https:\\\/\\\/schema.org\",\"@graph\":[{\"@type\":\"Article\",\"@id\":\"https:\\\/\\\/www.ferrogal.com\\\/blog\\\/2014\\\/09\\\/25\\\/catalogo-ferrokey-calefaccion-2014\\\/#article\",\"isPartOf\":{\"@id\":\"https:\\\/\\\/www.ferrogal.com\\\/blog\\\/2014\\\/09\\\/25\\\/catalogo-ferrokey-calefaccion-2014\\\/\"},\"author\":{\"name\":\"Ferrogal - Ferreteria online\",\"@id\":\"https:\\\/\\\/www.ferrogal.com\\\/blog\\\/#\\\/schema\\\/person\\\/743e4c8308fe1ee9b1cad155d7ad4e1d\"},\"headline\":\"Cat\u00e1logo Ferrokey Calefacci\u00f3n 2014\",\"datePublished\":\"2014-09-25T08:31:10+00:00\",\"dateModified\":\"2014-09-25T08:37:15+00:00\",\"mainEntityOfPage\":{\"@id\":\"https:\\\/\\\/www.ferrogal.com\\\/blog\\\/2014\\\/09\\\/25\\\/catalogo-ferrokey-calefaccion-2014\\\/\"},\"wordCount\":115,\"commentCount\":0,\"publisher\":{\"@id\":\"https:\\\/\\\/www.ferrogal.com\\\/blog\\\/#organization\"},\"image\":{\"@id\":\"https:\\\/\\\/www.ferrogal.com\\\/blog\\\/2014\\\/09\\\/25\\\/catalogo-ferrokey-calefaccion-2014\\\/#primaryimage\"},\"thumbnailUrl\":\"https:\\\/\\\/www.ferrogal.com\\\/blog\\\/wp-content\\\/uploads\\\/2014\\\/09\\\/calefacion.jpg\",\"keywords\":[\"calefaccion\",\"Cat\u00e1logo\",\"Ferrokey\"],\"articleSection\":[\"Calefacci\u00f3n\",\"Cat\u00e1logos\",\"Ferreter\u00eda\"],\"inLanguage\":\"es\",\"potentialAction\":[{\"@type\":\"CommentAction\",\"name\":\"Comment\",\"target\":[\"https:\\\/\\\/www.ferrogal.com\\\/blog\\\/2014\\\/09\\\/25\\\/catalogo-ferrokey-calefaccion-2014\\\/#respond\"]}]},{\"@type\":\"WebPage\",\"@id\":\"https:\\\/\\\/www.ferrogal.com\\\/blog\\\/2014\\\/09\\\/25\\\/catalogo-ferrokey-calefaccion-2014\\\/\",\"url\":\"https:\\\/\\\/www.ferrogal.com\\\/blog\\\/2014\\\/09\\\/25\\\/catalogo-ferrokey-calefaccion-2014\\\/\",\"name\":\"Cat\u00e1logo Ferrokey Calefacci\u00f3n 2014 - Ferreter\u00eda Ferrogal\",\"isPartOf\":{\"@id\":\"https:\\\/\\\/www.ferrogal.com\\\/blog\\\/#website\"},\"primaryImageOfPage\":{\"@id\":\"https:\\\/\\\/www.ferrogal.com\\\/blog\\\/2014\\\/09\\\/25\\\/catalogo-ferrokey-calefaccion-2014\\\/#primaryimage\"},\"image\":{\"@id\":\"https:\\\/\\\/www.ferrogal.com\\\/blog\\\/2014\\\/09\\\/25\\\/catalogo-ferrokey-calefaccion-2014\\\/#primaryimage\"},\"thumbnailUrl\":\"https:\\\/\\\/www.ferrogal.com\\\/blog\\\/wp-content\\\/uploads\\\/2014\\\/09\\\/calefacion.jpg\",\"datePublished\":\"2014-09-25T08:31:10+00:00\",\"dateModified\":\"2014-09-25T08:37:15+00:00\",\"breadcrumb\":{\"@id\":\"https:\\\/\\\/www.ferrogal.com\\\/blog\\\/2014\\\/09\\\/25\\\/catalogo-ferrokey-calefaccion-2014\\\/#breadcrumb\"},\"inLanguage\":\"es\",\"potentialAction\":[{\"@type\":\"ReadAction\",\"target\":[\"https:\\\/\\\/www.ferrogal.com\\\/blog\\\/2014\\\/09\\\/25\\\/catalogo-ferrokey-calefaccion-2014\\\/\"]}]},{\"@type\":\"ImageObject\",\"inLanguage\":\"es\",\"@id\":\"https:\\\/\\\/www.ferrogal.com\\\/blog\\\/2014\\\/09\\\/25\\\/catalogo-ferrokey-calefaccion-2014\\\/#primaryimage\",\"url\":\"https:\\\/\\\/www.ferrogal.com\\\/blog\\\/wp-content\\\/uploads\\\/2014\\\/09\\\/calefacion.jpg\",\"contentUrl\":\"https:\\\/\\\/www.ferrogal.com\\\/blog\\\/wp-content\\\/uploads\\\/2014\\\/09\\\/calefacion.jpg\",\"width\":\"670\",\"height\":\"230\"},{\"@type\":\"BreadcrumbList\",\"@id\":\"https:\\\/\\\/www.ferrogal.com\\\/blog\\\/2014\\\/09\\\/25\\\/catalogo-ferrokey-calefaccion-2014\\\/#breadcrumb\",\"itemListElement\":[{\"@type\":\"ListItem\",\"position\":1,\"name\":\"Portada\",\"item\":\"https:\\\/\\\/www.ferrogal.com\\\/blog\\\/\"},{\"@type\":\"ListItem\",\"position\":2,\"name\":\"Calefacci\u00f3n\",\"item\":\"https:\\\/\\\/www.ferrogal.com\\\/blog\\\/category\\\/calefaccion\\\/\"},{\"@type\":\"ListItem\",\"position\":3,\"name\":\"Cat\u00e1logo Ferrokey Calefacci\u00f3n 2014\"}]},{\"@type\":\"WebSite\",\"@id\":\"https:\\\/\\\/www.ferrogal.com\\\/blog\\\/#website\",\"url\":\"https:\\\/\\\/www.ferrogal.com\\\/blog\\\/\",\"name\":\"Ferreter\u00eda Ferrogal\",\"description\":\"Zamora 980 519 720 \\\/ 980 526 018\",\"publisher\":{\"@id\":\"https:\\\/\\\/www.ferrogal.com\\\/blog\\\/#organization\"},\"potentialAction\":[{\"@type\":\"SearchAction\",\"target\":{\"@type\":\"EntryPoint\",\"urlTemplate\":\"https:\\\/\\\/www.ferrogal.com\\\/blog\\\/?s={search_term_string}\"},\"query-input\":{\"@type\":\"PropertyValueSpecification\",\"valueRequired\":true,\"valueName\":\"search_term_string\"}}],\"inLanguage\":\"es\"},{\"@type\":\"Organization\",\"@id\":\"https:\\\/\\\/www.ferrogal.com\\\/blog\\\/#organization\",\"name\":\"Ferreter\u00edas Ferrogal\",\"url\":\"https:\\\/\\\/www.ferrogal.com\\\/blog\\\/\",\"logo\":{\"@type\":\"ImageObject\",\"inLanguage\":\"es\",\"@id\":\"https:\\\/\\\/www.ferrogal.com\\\/blog\\\/#\\\/schema\\\/logo\\\/image\\\/\",\"url\":\"https:\\\/\\\/www.ferrogal.com\\\/blog\\\/wp-content\\\/uploads\\\/2022\\\/05\\\/logo.png\",\"contentUrl\":\"https:\\\/\\\/www.ferrogal.com\\\/blog\\\/wp-content\\\/uploads\\\/2022\\\/05\\\/logo.png\",\"width\":250,\"height\":53,\"caption\":\"Ferreter\u00edas Ferrogal\"},\"image\":{\"@id\":\"https:\\\/\\\/www.ferrogal.com\\\/blog\\\/#\\\/schema\\\/logo\\\/image\\\/\"},\"sameAs\":[\"https:\\\/\\\/www.facebook.com\\\/FERROGAL\",\"https:\\\/\\\/x.com\\\/ferrogal\",\"https:\\\/\\\/www.youtube.com\\\/user\\\/jcpgalan?feature=CBIQwRs=\"]},{\"@type\":\"Person\",\"@id\":\"https:\\\/\\\/www.ferrogal.com\\\/blog\\\/#\\\/schema\\\/person\\\/743e4c8308fe1ee9b1cad155d7ad4e1d\",\"name\":\"Ferrogal - Ferreteria online\"}]}<\/script>\n<!-- \/ Yoast SEO plugin. -->","yoast_head_json":{"title":"Cat\u00e1logo Ferrokey Calefacci\u00f3n 2014 - Ferreter\u00eda Ferrogal","robots":{"index":"index","follow":"follow","max-snippet":"max-snippet:-1","max-image-preview":"max-image-preview:large","max-video-preview":"max-video-preview:-1"},"canonical":"https:\/\/www.ferrogal.com\/blog\/2014\/09\/25\/catalogo-ferrokey-calefaccion-2014\/","og_locale":"es_ES","og_type":"article","og_title":"Cat\u00e1logo Ferrokey Calefacci\u00f3n 2014 - Ferreter\u00eda Ferrogal","og_description":"Como todos los a\u00f1os con el arranque del Oto\u00f1o presentamos el nuevo cat\u00e1logo de Calefacci\u00f3n 2014 de Ferrokey cuya vigencia va del 13 de Septiembre del 2014 hasta el 09 de Enero del 2015. Este a\u00f1o con el lema \u201cEste Invierno me quedo en Casa\u201d incluye m\u00e1s de 230 art\u00edculos relacionados con el mundo de [&hellip;]","og_url":"https:\/\/www.ferrogal.com\/blog\/2014\/09\/25\/catalogo-ferrokey-calefaccion-2014\/","og_site_name":"Ferreter\u00eda Ferrogal","article_publisher":"https:\/\/www.facebook.com\/FERROGAL","article_published_time":"2014-09-25T08:31:10+00:00","article_modified_time":"2014-09-25T08:37:15+00:00","og_image":[{"width":670,"height":230,"url":"https:\/\/www.ferrogal.com\/blog\/wp-content\/uploads\/2014\/09\/calefacion.jpg","type":"image\/jpeg"}],"author":"Ferrogal - Ferreteria online","twitter_card":"summary_large_image","twitter_creator":"@ferrogal","twitter_site":"@ferrogal","twitter_misc":{"Escrito por":"Ferrogal - Ferreteria online","Tiempo de lectura":"1 minuto"},"schema":{"@context":"https:\/\/schema.org","@graph":[{"@type":"Article","@id":"https:\/\/www.ferrogal.com\/blog\/2014\/09\/25\/catalogo-ferrokey-calefaccion-2014\/#article","isPartOf":{"@id":"https:\/\/www.ferrogal.com\/blog\/2014\/09\/25\/catalogo-ferrokey-calefaccion-2014\/"},"author":{"name":"Ferrogal - Ferreteria online","@id":"https:\/\/www.ferrogal.com\/blog\/#\/schema\/person\/743e4c8308fe1ee9b1cad155d7ad4e1d"},"headline":"Cat\u00e1logo Ferrokey Calefacci\u00f3n 2014","datePublished":"2014-09-25T08:31:10+00:00","dateModified":"2014-09-25T08:37:15+00:00","mainEntityOfPage":{"@id":"https:\/\/www.ferrogal.com\/blog\/2014\/09\/25\/catalogo-ferrokey-calefaccion-2014\/"},"wordCount":115,"commentCount":0,"publisher":{"@id":"https:\/\/www.ferrogal.com\/blog\/#organization"},"image":{"@id":"https:\/\/www.ferrogal.com\/blog\/2014\/09\/25\/catalogo-ferrokey-calefaccion-2014\/#primaryimage"},"thumbnailUrl":"https:\/\/www.ferrogal.com\/blog\/wp-content\/uploads\/2014\/09\/calefacion.jpg","keywords":["calefaccion","Cat\u00e1logo","Ferrokey"],"articleSection":["Calefacci\u00f3n","Cat\u00e1logos","Ferreter\u00eda"],"inLanguage":"es","potentialAction":[{"@type":"CommentAction","name":"Comment","target":["https:\/\/www.ferrogal.com\/blog\/2014\/09\/25\/catalogo-ferrokey-calefaccion-2014\/#respond"]}]},{"@type":"WebPage","@id":"https:\/\/www.ferrogal.com\/blog\/2014\/09\/25\/catalogo-ferrokey-calefaccion-2014\/","url":"https:\/\/www.ferrogal.com\/blog\/2014\/09\/25\/catalogo-ferrokey-calefaccion-2014\/","name":"Cat\u00e1logo Ferrokey Calefacci\u00f3n 2014 - Ferreter\u00eda Ferrogal","isPartOf":{"@id":"https:\/\/www.ferrogal.com\/blog\/#website"},"primaryImageOfPage":{"@id":"https:\/\/www.ferrogal.com\/blog\/2014\/09\/25\/catalogo-ferrokey-calefaccion-2014\/#primaryimage"},"image":{"@id":"https:\/\/www.ferrogal.com\/blog\/2014\/09\/25\/catalogo-ferrokey-calefaccion-2014\/#primaryimage"},"thumbnailUrl":"https:\/\/www.ferrogal.com\/blog\/wp-content\/uploads\/2014\/09\/calefacion.jpg","datePublished":"2014-09-25T08:31:10+00:00","dateModified":"2014-09-25T08:37:15+00:00","breadcrumb":{"@id":"https:\/\/www.ferrogal.com\/blog\/2014\/09\/25\/catalogo-ferrokey-calefaccion-2014\/#breadcrumb"},"inLanguage":"es","potentialAction":[{"@type":"ReadAction","target":["https:\/\/www.ferrogal.com\/blog\/2014\/09\/25\/catalogo-ferrokey-calefaccion-2014\/"]}]},{"@type":"ImageObject","inLanguage":"es","@id":"https:\/\/www.ferrogal.com\/blog\/2014\/09\/25\/catalogo-ferrokey-calefaccion-2014\/#primaryimage","url":"https:\/\/www.ferrogal.com\/blog\/wp-content\/uploads\/2014\/09\/calefacion.jpg","contentUrl":"https:\/\/www.ferrogal.com\/blog\/wp-content\/uploads\/2014\/09\/calefacion.jpg","width":"670","height":"230"},{"@type":"BreadcrumbList","@id":"https:\/\/www.ferrogal.com\/blog\/2014\/09\/25\/catalogo-ferrokey-calefaccion-2014\/#breadcrumb","itemListElement":[{"@type":"ListItem","position":1,"name":"Portada","item":"https:\/\/www.ferrogal.com\/blog\/"},{"@type":"ListItem","position":2,"name":"Calefacci\u00f3n","item":"https:\/\/www.ferrogal.com\/blog\/category\/calefaccion\/"},{"@type":"ListItem","position":3,"name":"Cat\u00e1logo Ferrokey Calefacci\u00f3n 2014"}]},{"@type":"WebSite","@id":"https:\/\/www.ferrogal.com\/blog\/#website","url":"https:\/\/www.ferrogal.com\/blog\/","name":"Ferreter\u00eda Ferrogal","description":"Zamora 980 519 720 \/ 980 526 018","publisher":{"@id":"https:\/\/www.ferrogal.com\/blog\/#organization"},"potentialAction":[{"@type":"SearchAction","target":{"@type":"EntryPoint","urlTemplate":"https:\/\/www.ferrogal.com\/blog\/?s={search_term_string}"},"query-input":{"@type":"PropertyValueSpecification","valueRequired":true,"valueName":"search_term_string"}}],"inLanguage":"es"},{"@type":"Organization","@id":"https:\/\/www.ferrogal.com\/blog\/#organization","name":"Ferreter\u00edas Ferrogal","url":"https:\/\/www.ferrogal.com\/blog\/","logo":{"@type":"ImageObject","inLanguage":"es","@id":"https:\/\/www.ferrogal.com\/blog\/#\/schema\/logo\/image\/","url":"https:\/\/www.ferrogal.com\/blog\/wp-content\/uploads\/2022\/05\/logo.png","contentUrl":"https:\/\/www.ferrogal.com\/blog\/wp-content\/uploads\/2022\/05\/logo.png","width":250,"height":53,"caption":"Ferreter\u00edas Ferrogal"},"image":{"@id":"https:\/\/www.ferrogal.com\/blog\/#\/schema\/logo\/image\/"},"sameAs":["https:\/\/www.facebook.com\/FERROGAL","https:\/\/x.com\/ferrogal","https:\/\/www.youtube.com\/user\/jcpgalan?feature=CBIQwRs="]},{"@type":"Person","@id":"https:\/\/www.ferrogal.com\/blog\/#\/schema\/person\/743e4c8308fe1ee9b1cad155d7ad4e1d","name":"Ferrogal - Ferreteria online"}]}},"_links":{"self":[{"href":"https:\/\/www.ferrogal.com\/blog\/wp-json\/wp\/v2\/posts\/676","targetHints":{"allow":["GET"]}}],"collection":[{"href":"https:\/\/www.ferrogal.com\/blog\/wp-json\/wp\/v2\/posts"}],"about":[{"href":"https:\/\/www.ferrogal.com\/blog\/wp-json\/wp\/v2\/types\/post"}],"author":[{"embeddable":true,"href":"https:\/\/www.ferrogal.com\/blog\/wp-json\/wp\/v2\/users\/1"}],"replies":[{"embeddable":true,"href":"https:\/\/www.ferrogal.com\/blog\/wp-json\/wp\/v2\/comments?post=676"}],"version-history":[{"count":0,"href":"https:\/\/www.ferrogal.com\/blog\/wp-json\/wp\/v2\/posts\/676\/revisions"}],"wp:featuredmedia":[{"embeddable":true,"href":"https:\/\/www.ferrogal.com\/blog\/wp-json\/wp\/v2\/media\/678"}],"wp:attachment":[{"href":"https:\/\/www.ferrogal.com\/blog\/wp-json\/wp\/v2\/media?parent=676"}],"wp:term":[{"taxonomy":"category","embeddable":true,"href":"https:\/\/www.ferrogal.com\/blog\/wp-json\/wp\/v2\/categories?post=676"},{"taxonomy":"post_tag","embeddable":true,"href":"https:\/\/www.ferrogal.com\/blog\/wp-json\/wp\/v2\/tags?post=676"}],"curies":[{"name":"wp","href":"https:\/\/api.w.org\/{rel}","templated":true}]}}