{"id":666,"date":"2014-07-08T09:29:39","date_gmt":"2014-07-08T07:29:39","guid":{"rendered":"http:\/\/www.ferrogal.com\/blog\/?p=666"},"modified":"2014-07-08T09:29:39","modified_gmt":"2014-07-08T07:29:39","slug":"una-pequenas-notas-sobre-el-uso-del-casco-de-proteccion","status":"publish","type":"post","link":"https:\/\/www.ferrogal.com\/blog\/2014\/07\/08\/una-pequenas-notas-sobre-el-uso-del-casco-de-proteccion\/","title":{"rendered":"Una peque\u00f1as notas sobre el uso del casco de protecci\u00f3n"},"content":{"rendered":"<p><a href=\"http:\/\/www.ferrogal.com\/blog\/wp-content\/uploads\/2014\/07\/CASCOS.jpg\"><img fetchpriority=\"high\" decoding=\"async\" class=\"aligncenter size-medium wp-image-667\" title=\"CASCOS\" src=\"http:\/\/www.ferrogal.com\/blog\/wp-content\/uploads\/2014\/07\/CASCOS-300x225.jpg\" alt=\"\" width=\"300\" height=\"225\" srcset=\"https:\/\/www.ferrogal.com\/blog\/wp-content\/uploads\/2014\/07\/CASCOS-300x225.jpg 300w, https:\/\/www.ferrogal.com\/blog\/wp-content\/uploads\/2014\/07\/CASCOS-80x60.jpg 80w, https:\/\/www.ferrogal.com\/blog\/wp-content\/uploads\/2014\/07\/CASCOS.jpg 740w\" sizes=\"(max-width: 300px) 100vw, 300px\" \/><\/a><\/p>\n<ul>\n<li>\u00bfFunciones del casco?<\/li>\n<\/ul>\n<p>Evita la penetraci\u00f3n de objetos en el cr\u00e1neo<\/p>\n<p>Amortigua los golpes gracias a la c\u00e1scara y al arn\u00e9s<\/p>\n<p>Desv\u00eda la ca\u00edda perpendicular de objetos<\/p>\n<ul>\n<li>Elementos del casco<\/li>\n<\/ul>\n<p>La c\u00e1scara: Es la parte visible del casco, se fabrican en diferentes colores aunque es preferible usar\u00a0 colores claros para reverberar los rayos del sol. En la parte interior de la visera debe figurar la norma, la fecha de fabricaci\u00f3n y la marca CE<\/p>\n<p>El arn\u00e9s: Su principal funci\u00f3n es la de amortiguar los golpes, los de mayor calidad mejoran el confort en el uso del casco.<\/p>\n<p>El atalaje y \u00a0la cincha: Evitan que la c\u00e1scara frote el cr\u00e1neo<\/p>\n<ul>\n<li>Mantenimiento y durabilidad del casco<\/li>\n<\/ul>\n<p>El mantenimiento debe hacerse regularmente y tener en cuenta que despu\u00e9s de un golpe fuerte, si est\u00e1 expuesto al sol mucho tiempo, en condiciones extremas de frio, si est\u00e1 en contacto con productos qu\u00edmicos o por mal uso es recomendable cambiarlo regularmente, en caso contrar\u00edo un casco nos debe duran entre 2 y 3 a\u00f1os.<\/p>\n","protected":false},"excerpt":{"rendered":"<p>\u00bfFunciones del casco? Evita la penetraci\u00f3n de objetos en el cr\u00e1neo Amortigua los golpes gracias a la c\u00e1scara y al arn\u00e9s Desv\u00eda la ca\u00edda perpendicular de objetos Elementos del casco La c\u00e1scara: Es la parte visible del casco, se fabrican en diferentes colores aunque es preferible usar\u00a0 colores claros para reverberar los rayos del sol. [&hellip;]<\/p>\n","protected":false},"author":1,"featured_media":667,"comment_status":"open","ping_status":"open","sticky":false,"template":"","format":"standard","meta":{"footnotes":""},"categories":[4],"tags":[36,43],"class_list":["post-666","post","type-post","status-publish","format-standard","has-post-thumbnail","hentry","category-ferreteria","tag-ferreteria-2","tag-proteccion-laboral"],"yoast_head":"<!-- This site is optimized with the Yoast SEO plugin v27.4 - https:\/\/yoast.com\/product\/yoast-seo-wordpress\/ -->\n<title>Una peque\u00f1as notas sobre el uso del casco de protecci\u00f3n - Ferreter\u00eda Ferrogal<\/title>\n<meta name=\"robots\" content=\"index, follow, max-snippet:-1, max-image-preview:large, max-video-preview:-1\" \/>\n<link rel=\"canonical\" href=\"https:\/\/www.ferrogal.com\/blog\/2014\/07\/08\/una-pequenas-notas-sobre-el-uso-del-casco-de-proteccion\/\" \/>\n<meta property=\"og:locale\" content=\"es_ES\" \/>\n<meta property=\"og:type\" content=\"article\" \/>\n<meta property=\"og:title\" content=\"Una peque\u00f1as notas sobre el uso del casco de protecci\u00f3n - Ferreter\u00eda Ferrogal\" \/>\n<meta property=\"og:description\" content=\"\u00bfFunciones del casco? Evita la penetraci\u00f3n de objetos en el cr\u00e1neo Amortigua los golpes gracias a la c\u00e1scara y al arn\u00e9s Desv\u00eda la ca\u00edda perpendicular de objetos Elementos del casco La c\u00e1scara: Es la parte visible del casco, se fabrican en diferentes colores aunque es preferible usar\u00a0 colores claros para reverberar los rayos del sol. [&hellip;]\" \/>\n<meta property=\"og:url\" content=\"https:\/\/www.ferrogal.com\/blog\/2014\/07\/08\/una-pequenas-notas-sobre-el-uso-del-casco-de-proteccion\/\" \/>\n<meta property=\"og:site_name\" content=\"Ferreter\u00eda Ferrogal\" \/>\n<meta property=\"article:publisher\" content=\"https:\/\/www.facebook.com\/FERROGAL\" \/>\n<meta property=\"article:published_time\" content=\"2014-07-08T07:29:39+00:00\" \/>\n<meta property=\"og:image\" content=\"https:\/\/www.ferrogal.com\/blog\/wp-content\/uploads\/2014\/07\/CASCOS.jpg\" \/>\n\t<meta property=\"og:image:width\" content=\"740\" \/>\n\t<meta property=\"og:image:height\" content=\"555\" \/>\n\t<meta property=\"og:image:type\" content=\"image\/jpeg\" \/>\n<meta name=\"author\" content=\"Ferrogal - Ferreteria online\" \/>\n<meta name=\"twitter:card\" content=\"summary_large_image\" \/>\n<meta name=\"twitter:creator\" content=\"@ferrogal\" \/>\n<meta name=\"twitter:site\" content=\"@ferrogal\" \/>\n<meta name=\"twitter:label1\" content=\"Escrito por\" \/>\n\t<meta name=\"twitter:data1\" content=\"Ferrogal - Ferreteria online\" \/>\n\t<meta name=\"twitter:label2\" content=\"Tiempo de lectura\" \/>\n\t<meta name=\"twitter:data2\" content=\"1 minuto\" \/>\n<script type=\"application\/ld+json\" class=\"yoast-schema-graph\">{\"@context\":\"https:\\\/\\\/schema.org\",\"@graph\":[{\"@type\":\"Article\",\"@id\":\"https:\\\/\\\/www.ferrogal.com\\\/blog\\\/2014\\\/07\\\/08\\\/una-pequenas-notas-sobre-el-uso-del-casco-de-proteccion\\\/#article\",\"isPartOf\":{\"@id\":\"https:\\\/\\\/www.ferrogal.com\\\/blog\\\/2014\\\/07\\\/08\\\/una-pequenas-notas-sobre-el-uso-del-casco-de-proteccion\\\/\"},\"author\":{\"name\":\"Ferrogal - Ferreteria online\",\"@id\":\"https:\\\/\\\/www.ferrogal.com\\\/blog\\\/#\\\/schema\\\/person\\\/743e4c8308fe1ee9b1cad155d7ad4e1d\"},\"headline\":\"Una peque\u00f1as notas sobre el uso del casco de protecci\u00f3n\",\"datePublished\":\"2014-07-08T07:29:39+00:00\",\"mainEntityOfPage\":{\"@id\":\"https:\\\/\\\/www.ferrogal.com\\\/blog\\\/2014\\\/07\\\/08\\\/una-pequenas-notas-sobre-el-uso-del-casco-de-proteccion\\\/\"},\"wordCount\":195,\"commentCount\":0,\"publisher\":{\"@id\":\"https:\\\/\\\/www.ferrogal.com\\\/blog\\\/#organization\"},\"image\":{\"@id\":\"https:\\\/\\\/www.ferrogal.com\\\/blog\\\/2014\\\/07\\\/08\\\/una-pequenas-notas-sobre-el-uso-del-casco-de-proteccion\\\/#primaryimage\"},\"thumbnailUrl\":\"https:\\\/\\\/www.ferrogal.com\\\/blog\\\/wp-content\\\/uploads\\\/2014\\\/07\\\/CASCOS.jpg\",\"keywords\":[\"ferreteria\",\"proteccion laboral\"],\"articleSection\":[\"Ferreter\u00eda\"],\"inLanguage\":\"es\",\"potentialAction\":[{\"@type\":\"CommentAction\",\"name\":\"Comment\",\"target\":[\"https:\\\/\\\/www.ferrogal.com\\\/blog\\\/2014\\\/07\\\/08\\\/una-pequenas-notas-sobre-el-uso-del-casco-de-proteccion\\\/#respond\"]}]},{\"@type\":\"WebPage\",\"@id\":\"https:\\\/\\\/www.ferrogal.com\\\/blog\\\/2014\\\/07\\\/08\\\/una-pequenas-notas-sobre-el-uso-del-casco-de-proteccion\\\/\",\"url\":\"https:\\\/\\\/www.ferrogal.com\\\/blog\\\/2014\\\/07\\\/08\\\/una-pequenas-notas-sobre-el-uso-del-casco-de-proteccion\\\/\",\"name\":\"Una peque\u00f1as notas sobre el uso del casco de protecci\u00f3n - Ferreter\u00eda Ferrogal\",\"isPartOf\":{\"@id\":\"https:\\\/\\\/www.ferrogal.com\\\/blog\\\/#website\"},\"primaryImageOfPage\":{\"@id\":\"https:\\\/\\\/www.ferrogal.com\\\/blog\\\/2014\\\/07\\\/08\\\/una-pequenas-notas-sobre-el-uso-del-casco-de-proteccion\\\/#primaryimage\"},\"image\":{\"@id\":\"https:\\\/\\\/www.ferrogal.com\\\/blog\\\/2014\\\/07\\\/08\\\/una-pequenas-notas-sobre-el-uso-del-casco-de-proteccion\\\/#primaryimage\"},\"thumbnailUrl\":\"https:\\\/\\\/www.ferrogal.com\\\/blog\\\/wp-content\\\/uploads\\\/2014\\\/07\\\/CASCOS.jpg\",\"datePublished\":\"2014-07-08T07:29:39+00:00\",\"breadcrumb\":{\"@id\":\"https:\\\/\\\/www.ferrogal.com\\\/blog\\\/2014\\\/07\\\/08\\\/una-pequenas-notas-sobre-el-uso-del-casco-de-proteccion\\\/#breadcrumb\"},\"inLanguage\":\"es\",\"potentialAction\":[{\"@type\":\"ReadAction\",\"target\":[\"https:\\\/\\\/www.ferrogal.com\\\/blog\\\/2014\\\/07\\\/08\\\/una-pequenas-notas-sobre-el-uso-del-casco-de-proteccion\\\/\"]}]},{\"@type\":\"ImageObject\",\"inLanguage\":\"es\",\"@id\":\"https:\\\/\\\/www.ferrogal.com\\\/blog\\\/2014\\\/07\\\/08\\\/una-pequenas-notas-sobre-el-uso-del-casco-de-proteccion\\\/#primaryimage\",\"url\":\"https:\\\/\\\/www.ferrogal.com\\\/blog\\\/wp-content\\\/uploads\\\/2014\\\/07\\\/CASCOS.jpg\",\"contentUrl\":\"https:\\\/\\\/www.ferrogal.com\\\/blog\\\/wp-content\\\/uploads\\\/2014\\\/07\\\/CASCOS.jpg\",\"width\":\"740\",\"height\":\"555\"},{\"@type\":\"BreadcrumbList\",\"@id\":\"https:\\\/\\\/www.ferrogal.com\\\/blog\\\/2014\\\/07\\\/08\\\/una-pequenas-notas-sobre-el-uso-del-casco-de-proteccion\\\/#breadcrumb\",\"itemListElement\":[{\"@type\":\"ListItem\",\"position\":1,\"name\":\"Portada\",\"item\":\"https:\\\/\\\/www.ferrogal.com\\\/blog\\\/\"},{\"@type\":\"ListItem\",\"position\":2,\"name\":\"Ferreter\u00eda\",\"item\":\"https:\\\/\\\/www.ferrogal.com\\\/blog\\\/category\\\/ferreteria\\\/\"},{\"@type\":\"ListItem\",\"position\":3,\"name\":\"Una peque\u00f1as notas sobre el uso del casco de protecci\u00f3n\"}]},{\"@type\":\"WebSite\",\"@id\":\"https:\\\/\\\/www.ferrogal.com\\\/blog\\\/#website\",\"url\":\"https:\\\/\\\/www.ferrogal.com\\\/blog\\\/\",\"name\":\"Ferreter\u00eda Ferrogal\",\"description\":\"Zamora 980 519 720 \\\/ 980 526 018\",\"publisher\":{\"@id\":\"https:\\\/\\\/www.ferrogal.com\\\/blog\\\/#organization\"},\"potentialAction\":[{\"@type\":\"SearchAction\",\"target\":{\"@type\":\"EntryPoint\",\"urlTemplate\":\"https:\\\/\\\/www.ferrogal.com\\\/blog\\\/?s={search_term_string}\"},\"query-input\":{\"@type\":\"PropertyValueSpecification\",\"valueRequired\":true,\"valueName\":\"search_term_string\"}}],\"inLanguage\":\"es\"},{\"@type\":\"Organization\",\"@id\":\"https:\\\/\\\/www.ferrogal.com\\\/blog\\\/#organization\",\"name\":\"Ferreter\u00edas Ferrogal\",\"url\":\"https:\\\/\\\/www.ferrogal.com\\\/blog\\\/\",\"logo\":{\"@type\":\"ImageObject\",\"inLanguage\":\"es\",\"@id\":\"https:\\\/\\\/www.ferrogal.com\\\/blog\\\/#\\\/schema\\\/logo\\\/image\\\/\",\"url\":\"https:\\\/\\\/www.ferrogal.com\\\/blog\\\/wp-content\\\/uploads\\\/2022\\\/05\\\/logo.png\",\"contentUrl\":\"https:\\\/\\\/www.ferrogal.com\\\/blog\\\/wp-content\\\/uploads\\\/2022\\\/05\\\/logo.png\",\"width\":250,\"height\":53,\"caption\":\"Ferreter\u00edas Ferrogal\"},\"image\":{\"@id\":\"https:\\\/\\\/www.ferrogal.com\\\/blog\\\/#\\\/schema\\\/logo\\\/image\\\/\"},\"sameAs\":[\"https:\\\/\\\/www.facebook.com\\\/FERROGAL\",\"https:\\\/\\\/x.com\\\/ferrogal\",\"https:\\\/\\\/www.youtube.com\\\/user\\\/jcpgalan?feature=CBIQwRs=\"]},{\"@type\":\"Person\",\"@id\":\"https:\\\/\\\/www.ferrogal.com\\\/blog\\\/#\\\/schema\\\/person\\\/743e4c8308fe1ee9b1cad155d7ad4e1d\",\"name\":\"Ferrogal - Ferreteria online\"}]}<\/script>\n<!-- \/ Yoast SEO plugin. -->","yoast_head_json":{"title":"Una peque\u00f1as notas sobre el uso del casco de protecci\u00f3n - Ferreter\u00eda Ferrogal","robots":{"index":"index","follow":"follow","max-snippet":"max-snippet:-1","max-image-preview":"max-image-preview:large","max-video-preview":"max-video-preview:-1"},"canonical":"https:\/\/www.ferrogal.com\/blog\/2014\/07\/08\/una-pequenas-notas-sobre-el-uso-del-casco-de-proteccion\/","og_locale":"es_ES","og_type":"article","og_title":"Una peque\u00f1as notas sobre el uso del casco de protecci\u00f3n - Ferreter\u00eda Ferrogal","og_description":"\u00bfFunciones del casco? Evita la penetraci\u00f3n de objetos en el cr\u00e1neo Amortigua los golpes gracias a la c\u00e1scara y al arn\u00e9s Desv\u00eda la ca\u00edda perpendicular de objetos Elementos del casco La c\u00e1scara: Es la parte visible del casco, se fabrican en diferentes colores aunque es preferible usar\u00a0 colores claros para reverberar los rayos del sol. [&hellip;]","og_url":"https:\/\/www.ferrogal.com\/blog\/2014\/07\/08\/una-pequenas-notas-sobre-el-uso-del-casco-de-proteccion\/","og_site_name":"Ferreter\u00eda Ferrogal","article_publisher":"https:\/\/www.facebook.com\/FERROGAL","article_published_time":"2014-07-08T07:29:39+00:00","og_image":[{"width":740,"height":555,"url":"https:\/\/www.ferrogal.com\/blog\/wp-content\/uploads\/2014\/07\/CASCOS.jpg","type":"image\/jpeg"}],"author":"Ferrogal - Ferreteria online","twitter_card":"summary_large_image","twitter_creator":"@ferrogal","twitter_site":"@ferrogal","twitter_misc":{"Escrito por":"Ferrogal - Ferreteria online","Tiempo de lectura":"1 minuto"},"schema":{"@context":"https:\/\/schema.org","@graph":[{"@type":"Article","@id":"https:\/\/www.ferrogal.com\/blog\/2014\/07\/08\/una-pequenas-notas-sobre-el-uso-del-casco-de-proteccion\/#article","isPartOf":{"@id":"https:\/\/www.ferrogal.com\/blog\/2014\/07\/08\/una-pequenas-notas-sobre-el-uso-del-casco-de-proteccion\/"},"author":{"name":"Ferrogal - Ferreteria online","@id":"https:\/\/www.ferrogal.com\/blog\/#\/schema\/person\/743e4c8308fe1ee9b1cad155d7ad4e1d"},"headline":"Una peque\u00f1as notas sobre el uso del casco de protecci\u00f3n","datePublished":"2014-07-08T07:29:39+00:00","mainEntityOfPage":{"@id":"https:\/\/www.ferrogal.com\/blog\/2014\/07\/08\/una-pequenas-notas-sobre-el-uso-del-casco-de-proteccion\/"},"wordCount":195,"commentCount":0,"publisher":{"@id":"https:\/\/www.ferrogal.com\/blog\/#organization"},"image":{"@id":"https:\/\/www.ferrogal.com\/blog\/2014\/07\/08\/una-pequenas-notas-sobre-el-uso-del-casco-de-proteccion\/#primaryimage"},"thumbnailUrl":"https:\/\/www.ferrogal.com\/blog\/wp-content\/uploads\/2014\/07\/CASCOS.jpg","keywords":["ferreteria","proteccion laboral"],"articleSection":["Ferreter\u00eda"],"inLanguage":"es","potentialAction":[{"@type":"CommentAction","name":"Comment","target":["https:\/\/www.ferrogal.com\/blog\/2014\/07\/08\/una-pequenas-notas-sobre-el-uso-del-casco-de-proteccion\/#respond"]}]},{"@type":"WebPage","@id":"https:\/\/www.ferrogal.com\/blog\/2014\/07\/08\/una-pequenas-notas-sobre-el-uso-del-casco-de-proteccion\/","url":"https:\/\/www.ferrogal.com\/blog\/2014\/07\/08\/una-pequenas-notas-sobre-el-uso-del-casco-de-proteccion\/","name":"Una peque\u00f1as notas sobre el uso del casco de protecci\u00f3n - Ferreter\u00eda Ferrogal","isPartOf":{"@id":"https:\/\/www.ferrogal.com\/blog\/#website"},"primaryImageOfPage":{"@id":"https:\/\/www.ferrogal.com\/blog\/2014\/07\/08\/una-pequenas-notas-sobre-el-uso-del-casco-de-proteccion\/#primaryimage"},"image":{"@id":"https:\/\/www.ferrogal.com\/blog\/2014\/07\/08\/una-pequenas-notas-sobre-el-uso-del-casco-de-proteccion\/#primaryimage"},"thumbnailUrl":"https:\/\/www.ferrogal.com\/blog\/wp-content\/uploads\/2014\/07\/CASCOS.jpg","datePublished":"2014-07-08T07:29:39+00:00","breadcrumb":{"@id":"https:\/\/www.ferrogal.com\/blog\/2014\/07\/08\/una-pequenas-notas-sobre-el-uso-del-casco-de-proteccion\/#breadcrumb"},"inLanguage":"es","potentialAction":[{"@type":"ReadAction","target":["https:\/\/www.ferrogal.com\/blog\/2014\/07\/08\/una-pequenas-notas-sobre-el-uso-del-casco-de-proteccion\/"]}]},{"@type":"ImageObject","inLanguage":"es","@id":"https:\/\/www.ferrogal.com\/blog\/2014\/07\/08\/una-pequenas-notas-sobre-el-uso-del-casco-de-proteccion\/#primaryimage","url":"https:\/\/www.ferrogal.com\/blog\/wp-content\/uploads\/2014\/07\/CASCOS.jpg","contentUrl":"https:\/\/www.ferrogal.com\/blog\/wp-content\/uploads\/2014\/07\/CASCOS.jpg","width":"740","height":"555"},{"@type":"BreadcrumbList","@id":"https:\/\/www.ferrogal.com\/blog\/2014\/07\/08\/una-pequenas-notas-sobre-el-uso-del-casco-de-proteccion\/#breadcrumb","itemListElement":[{"@type":"ListItem","position":1,"name":"Portada","item":"https:\/\/www.ferrogal.com\/blog\/"},{"@type":"ListItem","position":2,"name":"Ferreter\u00eda","item":"https:\/\/www.ferrogal.com\/blog\/category\/ferreteria\/"},{"@type":"ListItem","position":3,"name":"Una peque\u00f1as notas sobre el uso del casco de protecci\u00f3n"}]},{"@type":"WebSite","@id":"https:\/\/www.ferrogal.com\/blog\/#website","url":"https:\/\/www.ferrogal.com\/blog\/","name":"Ferreter\u00eda Ferrogal","description":"Zamora 980 519 720 \/ 980 526 018","publisher":{"@id":"https:\/\/www.ferrogal.com\/blog\/#organization"},"potentialAction":[{"@type":"SearchAction","target":{"@type":"EntryPoint","urlTemplate":"https:\/\/www.ferrogal.com\/blog\/?s={search_term_string}"},"query-input":{"@type":"PropertyValueSpecification","valueRequired":true,"valueName":"search_term_string"}}],"inLanguage":"es"},{"@type":"Organization","@id":"https:\/\/www.ferrogal.com\/blog\/#organization","name":"Ferreter\u00edas Ferrogal","url":"https:\/\/www.ferrogal.com\/blog\/","logo":{"@type":"ImageObject","inLanguage":"es","@id":"https:\/\/www.ferrogal.com\/blog\/#\/schema\/logo\/image\/","url":"https:\/\/www.ferrogal.com\/blog\/wp-content\/uploads\/2022\/05\/logo.png","contentUrl":"https:\/\/www.ferrogal.com\/blog\/wp-content\/uploads\/2022\/05\/logo.png","width":250,"height":53,"caption":"Ferreter\u00edas Ferrogal"},"image":{"@id":"https:\/\/www.ferrogal.com\/blog\/#\/schema\/logo\/image\/"},"sameAs":["https:\/\/www.facebook.com\/FERROGAL","https:\/\/x.com\/ferrogal","https:\/\/www.youtube.com\/user\/jcpgalan?feature=CBIQwRs="]},{"@type":"Person","@id":"https:\/\/www.ferrogal.com\/blog\/#\/schema\/person\/743e4c8308fe1ee9b1cad155d7ad4e1d","name":"Ferrogal - Ferreteria online"}]}},"_links":{"self":[{"href":"https:\/\/www.ferrogal.com\/blog\/wp-json\/wp\/v2\/posts\/666","targetHints":{"allow":["GET"]}}],"collection":[{"href":"https:\/\/www.ferrogal.com\/blog\/wp-json\/wp\/v2\/posts"}],"about":[{"href":"https:\/\/www.ferrogal.com\/blog\/wp-json\/wp\/v2\/types\/post"}],"author":[{"embeddable":true,"href":"https:\/\/www.ferrogal.com\/blog\/wp-json\/wp\/v2\/users\/1"}],"replies":[{"embeddable":true,"href":"https:\/\/www.ferrogal.com\/blog\/wp-json\/wp\/v2\/comments?post=666"}],"version-history":[{"count":0,"href":"https:\/\/www.ferrogal.com\/blog\/wp-json\/wp\/v2\/posts\/666\/revisions"}],"wp:featuredmedia":[{"embeddable":true,"href":"https:\/\/www.ferrogal.com\/blog\/wp-json\/wp\/v2\/media\/667"}],"wp:attachment":[{"href":"https:\/\/www.ferrogal.com\/blog\/wp-json\/wp\/v2\/media?parent=666"}],"wp:term":[{"taxonomy":"category","embeddable":true,"href":"https:\/\/www.ferrogal.com\/blog\/wp-json\/wp\/v2\/categories?post=666"},{"taxonomy":"post_tag","embeddable":true,"href":"https:\/\/www.ferrogal.com\/blog\/wp-json\/wp\/v2\/tags?post=666"}],"curies":[{"name":"wp","href":"https:\/\/api.w.org\/{rel}","templated":true}]}}