{"id":643,"date":"2014-06-11T19:25:43","date_gmt":"2014-06-11T17:25:43","guid":{"rendered":"http:\/\/www.ferrogal.com\/blog\/?p=643"},"modified":"2014-06-11T19:25:43","modified_gmt":"2014-06-11T17:25:43","slug":"catalogo-ferrokey-verano-2014","status":"publish","type":"post","link":"https:\/\/www.ferrogal.com\/blog\/2014\/06\/11\/catalogo-ferrokey-verano-2014\/","title":{"rendered":"Cat\u00e1logo Ferrokey Verano 2014"},"content":{"rendered":"<p>El \u00faltimo cat\u00e1logo de Ferrokey va dedicado al Verano, en sus m\u00e1s de 40 p\u00e1ginas encontramos un gran surtido de art\u00edculos de ferreter\u00eda.Las l\u00edneas maestras van dirigidas a cubrir las necesidades relacionadas con la temporada de verano, entre ellas destacamos:<\/p>\n<p style=\"text-align: center;\"><a href=\"http:\/\/www.ferrogal.com\/descargar\/descargas\/comafe_verano_ferrokey_2014.pdf\"><img fetchpriority=\"high\" decoding=\"async\" class=\"aligncenter size-medium wp-image-648\" title=\"catalogovenaroferrokey\" src=\"http:\/\/www.ferrogal.com\/blog\/wp-content\/uploads\/2014\/06\/catalogovenaroferrokey1-246x300.jpg\" alt=\"\" width=\"246\" height=\"300\" srcset=\"https:\/\/www.ferrogal.com\/blog\/wp-content\/uploads\/2014\/06\/catalogovenaroferrokey1-246x300.jpg 246w, https:\/\/www.ferrogal.com\/blog\/wp-content\/uploads\/2014\/06\/catalogovenaroferrokey1.jpg 617w\" sizes=\"(max-width: 246px) 100vw, 246px\" \/><\/a><\/p>\n<p>Ventilaci\u00f3n y aire acondicionado<\/p>\n<p>Art\u00edculos para la playa y el campo<\/p>\n<p>Insecticidas y ahuyentadores el\u00e9ctricos<\/p>\n<p>PAE, menaje y art\u00edculos de Reposter\u00eda<\/p>\n<p>Bricolaje, pinturas e iluminaci\u00f3n<\/p>\n<p>Todo esto y mucho m\u00e1s puedes encontrarlo en nuestra <a href=\"http:\/\/www.ferrogal.com\/index.html\">web<\/a><\/p>\n<p>&nbsp;<\/p>\n<p>&nbsp;<\/p>\n","protected":false},"excerpt":{"rendered":"<p>El \u00faltimo cat\u00e1logo de Ferrokey va dedicado al Verano, en sus m\u00e1s de 40 p\u00e1ginas encontramos un gran surtido de art\u00edculos de ferreter\u00eda.Las l\u00edneas maestras van dirigidas a cubrir las necesidades relacionadas con la temporada de verano, entre ellas destacamos: Ventilaci\u00f3n y aire acondicionado Art\u00edculos para la playa y el campo Insecticidas y ahuyentadores el\u00e9ctricos [&hellip;]<\/p>\n","protected":false},"author":1,"featured_media":644,"comment_status":"open","ping_status":"open","sticky":false,"template":"","format":"standard","meta":{"footnotes":""},"categories":[10],"tags":[13,14,42],"class_list":["post-643","post","type-post","status-publish","format-standard","has-post-thumbnail","hentry","category-catalogos","tag-catalogo","tag-ferrokey","tag-verano"],"yoast_head":"<!-- This site is optimized with the Yoast SEO plugin v27.4 - https:\/\/yoast.com\/product\/yoast-seo-wordpress\/ -->\n<title>Cat\u00e1logo Ferrokey Verano 2014  - Ferreter\u00eda Ferrogal<\/title>\n<meta name=\"robots\" content=\"index, follow, max-snippet:-1, max-image-preview:large, max-video-preview:-1\" \/>\n<link rel=\"canonical\" href=\"https:\/\/www.ferrogal.com\/blog\/2014\/06\/11\/catalogo-ferrokey-verano-2014\/\" \/>\n<meta property=\"og:locale\" content=\"es_ES\" \/>\n<meta property=\"og:type\" content=\"article\" \/>\n<meta property=\"og:title\" content=\"Cat\u00e1logo Ferrokey Verano 2014  - Ferreter\u00eda Ferrogal\" \/>\n<meta property=\"og:description\" content=\"El \u00faltimo cat\u00e1logo de Ferrokey va dedicado al Verano, en sus m\u00e1s de 40 p\u00e1ginas encontramos un gran surtido de art\u00edculos de ferreter\u00eda.Las l\u00edneas maestras van dirigidas a cubrir las necesidades relacionadas con la temporada de verano, entre ellas destacamos: Ventilaci\u00f3n y aire acondicionado Art\u00edculos para la playa y el campo Insecticidas y ahuyentadores el\u00e9ctricos [&hellip;]\" \/>\n<meta property=\"og:url\" content=\"https:\/\/www.ferrogal.com\/blog\/2014\/06\/11\/catalogo-ferrokey-verano-2014\/\" \/>\n<meta property=\"og:site_name\" content=\"Ferreter\u00eda Ferrogal\" \/>\n<meta property=\"article:publisher\" content=\"https:\/\/www.facebook.com\/FERROGAL\" \/>\n<meta property=\"article:published_time\" content=\"2014-06-11T17:25:43+00:00\" \/>\n<meta property=\"og:image\" content=\"https:\/\/www.ferrogal.com\/blog\/wp-content\/uploads\/2014\/06\/catalogovenaroferrokey.jpg\" \/>\n\t<meta property=\"og:image:width\" content=\"617\" \/>\n\t<meta property=\"og:image:height\" content=\"750\" \/>\n\t<meta property=\"og:image:type\" content=\"image\/jpeg\" \/>\n<meta name=\"author\" content=\"Ferrogal - Ferreteria online\" \/>\n<meta name=\"twitter:card\" content=\"summary_large_image\" \/>\n<meta name=\"twitter:creator\" content=\"@ferrogal\" \/>\n<meta name=\"twitter:site\" content=\"@ferrogal\" \/>\n<meta name=\"twitter:label1\" content=\"Escrito por\" \/>\n\t<meta name=\"twitter:data1\" content=\"Ferrogal - Ferreteria online\" \/>\n<script type=\"application\/ld+json\" class=\"yoast-schema-graph\">{\"@context\":\"https:\\\/\\\/schema.org\",\"@graph\":[{\"@type\":\"Article\",\"@id\":\"https:\\\/\\\/www.ferrogal.com\\\/blog\\\/2014\\\/06\\\/11\\\/catalogo-ferrokey-verano-2014\\\/#article\",\"isPartOf\":{\"@id\":\"https:\\\/\\\/www.ferrogal.com\\\/blog\\\/2014\\\/06\\\/11\\\/catalogo-ferrokey-verano-2014\\\/\"},\"author\":{\"name\":\"Ferrogal - Ferreteria online\",\"@id\":\"https:\\\/\\\/www.ferrogal.com\\\/blog\\\/#\\\/schema\\\/person\\\/743e4c8308fe1ee9b1cad155d7ad4e1d\"},\"headline\":\"Cat\u00e1logo Ferrokey Verano 2014\",\"datePublished\":\"2014-06-11T17:25:43+00:00\",\"mainEntityOfPage\":{\"@id\":\"https:\\\/\\\/www.ferrogal.com\\\/blog\\\/2014\\\/06\\\/11\\\/catalogo-ferrokey-verano-2014\\\/\"},\"wordCount\":94,\"commentCount\":0,\"publisher\":{\"@id\":\"https:\\\/\\\/www.ferrogal.com\\\/blog\\\/#organization\"},\"image\":{\"@id\":\"https:\\\/\\\/www.ferrogal.com\\\/blog\\\/2014\\\/06\\\/11\\\/catalogo-ferrokey-verano-2014\\\/#primaryimage\"},\"thumbnailUrl\":\"https:\\\/\\\/www.ferrogal.com\\\/blog\\\/wp-content\\\/uploads\\\/2014\\\/06\\\/catalogovenaroferrokey.jpg\",\"keywords\":[\"Cat\u00e1logo\",\"Ferrokey\",\"verano\"],\"articleSection\":[\"Cat\u00e1logos\"],\"inLanguage\":\"es\",\"potentialAction\":[{\"@type\":\"CommentAction\",\"name\":\"Comment\",\"target\":[\"https:\\\/\\\/www.ferrogal.com\\\/blog\\\/2014\\\/06\\\/11\\\/catalogo-ferrokey-verano-2014\\\/#respond\"]}]},{\"@type\":\"WebPage\",\"@id\":\"https:\\\/\\\/www.ferrogal.com\\\/blog\\\/2014\\\/06\\\/11\\\/catalogo-ferrokey-verano-2014\\\/\",\"url\":\"https:\\\/\\\/www.ferrogal.com\\\/blog\\\/2014\\\/06\\\/11\\\/catalogo-ferrokey-verano-2014\\\/\",\"name\":\"Cat\u00e1logo Ferrokey Verano 2014 - Ferreter\u00eda Ferrogal\",\"isPartOf\":{\"@id\":\"https:\\\/\\\/www.ferrogal.com\\\/blog\\\/#website\"},\"primaryImageOfPage\":{\"@id\":\"https:\\\/\\\/www.ferrogal.com\\\/blog\\\/2014\\\/06\\\/11\\\/catalogo-ferrokey-verano-2014\\\/#primaryimage\"},\"image\":{\"@id\":\"https:\\\/\\\/www.ferrogal.com\\\/blog\\\/2014\\\/06\\\/11\\\/catalogo-ferrokey-verano-2014\\\/#primaryimage\"},\"thumbnailUrl\":\"https:\\\/\\\/www.ferrogal.com\\\/blog\\\/wp-content\\\/uploads\\\/2014\\\/06\\\/catalogovenaroferrokey.jpg\",\"datePublished\":\"2014-06-11T17:25:43+00:00\",\"breadcrumb\":{\"@id\":\"https:\\\/\\\/www.ferrogal.com\\\/blog\\\/2014\\\/06\\\/11\\\/catalogo-ferrokey-verano-2014\\\/#breadcrumb\"},\"inLanguage\":\"es\",\"potentialAction\":[{\"@type\":\"ReadAction\",\"target\":[\"https:\\\/\\\/www.ferrogal.com\\\/blog\\\/2014\\\/06\\\/11\\\/catalogo-ferrokey-verano-2014\\\/\"]}]},{\"@type\":\"ImageObject\",\"inLanguage\":\"es\",\"@id\":\"https:\\\/\\\/www.ferrogal.com\\\/blog\\\/2014\\\/06\\\/11\\\/catalogo-ferrokey-verano-2014\\\/#primaryimage\",\"url\":\"https:\\\/\\\/www.ferrogal.com\\\/blog\\\/wp-content\\\/uploads\\\/2014\\\/06\\\/catalogovenaroferrokey.jpg\",\"contentUrl\":\"https:\\\/\\\/www.ferrogal.com\\\/blog\\\/wp-content\\\/uploads\\\/2014\\\/06\\\/catalogovenaroferrokey.jpg\",\"width\":\"617\",\"height\":\"750\"},{\"@type\":\"BreadcrumbList\",\"@id\":\"https:\\\/\\\/www.ferrogal.com\\\/blog\\\/2014\\\/06\\\/11\\\/catalogo-ferrokey-verano-2014\\\/#breadcrumb\",\"itemListElement\":[{\"@type\":\"ListItem\",\"position\":1,\"name\":\"Portada\",\"item\":\"https:\\\/\\\/www.ferrogal.com\\\/blog\\\/\"},{\"@type\":\"ListItem\",\"position\":2,\"name\":\"Cat\u00e1logos\",\"item\":\"https:\\\/\\\/www.ferrogal.com\\\/blog\\\/category\\\/catalogos\\\/\"},{\"@type\":\"ListItem\",\"position\":3,\"name\":\"Cat\u00e1logo Ferrokey Verano 2014\"}]},{\"@type\":\"WebSite\",\"@id\":\"https:\\\/\\\/www.ferrogal.com\\\/blog\\\/#website\",\"url\":\"https:\\\/\\\/www.ferrogal.com\\\/blog\\\/\",\"name\":\"Ferreter\u00eda Ferrogal\",\"description\":\"Zamora 980 519 720 \\\/ 980 526 018\",\"publisher\":{\"@id\":\"https:\\\/\\\/www.ferrogal.com\\\/blog\\\/#organization\"},\"potentialAction\":[{\"@type\":\"SearchAction\",\"target\":{\"@type\":\"EntryPoint\",\"urlTemplate\":\"https:\\\/\\\/www.ferrogal.com\\\/blog\\\/?s={search_term_string}\"},\"query-input\":{\"@type\":\"PropertyValueSpecification\",\"valueRequired\":true,\"valueName\":\"search_term_string\"}}],\"inLanguage\":\"es\"},{\"@type\":\"Organization\",\"@id\":\"https:\\\/\\\/www.ferrogal.com\\\/blog\\\/#organization\",\"name\":\"Ferreter\u00edas Ferrogal\",\"url\":\"https:\\\/\\\/www.ferrogal.com\\\/blog\\\/\",\"logo\":{\"@type\":\"ImageObject\",\"inLanguage\":\"es\",\"@id\":\"https:\\\/\\\/www.ferrogal.com\\\/blog\\\/#\\\/schema\\\/logo\\\/image\\\/\",\"url\":\"https:\\\/\\\/www.ferrogal.com\\\/blog\\\/wp-content\\\/uploads\\\/2022\\\/05\\\/logo.png\",\"contentUrl\":\"https:\\\/\\\/www.ferrogal.com\\\/blog\\\/wp-content\\\/uploads\\\/2022\\\/05\\\/logo.png\",\"width\":250,\"height\":53,\"caption\":\"Ferreter\u00edas Ferrogal\"},\"image\":{\"@id\":\"https:\\\/\\\/www.ferrogal.com\\\/blog\\\/#\\\/schema\\\/logo\\\/image\\\/\"},\"sameAs\":[\"https:\\\/\\\/www.facebook.com\\\/FERROGAL\",\"https:\\\/\\\/x.com\\\/ferrogal\",\"https:\\\/\\\/www.youtube.com\\\/user\\\/jcpgalan?feature=CBIQwRs=\"]},{\"@type\":\"Person\",\"@id\":\"https:\\\/\\\/www.ferrogal.com\\\/blog\\\/#\\\/schema\\\/person\\\/743e4c8308fe1ee9b1cad155d7ad4e1d\",\"name\":\"Ferrogal - Ferreteria online\"}]}<\/script>\n<!-- \/ Yoast SEO plugin. -->","yoast_head_json":{"title":"Cat\u00e1logo Ferrokey Verano 2014  - Ferreter\u00eda Ferrogal","robots":{"index":"index","follow":"follow","max-snippet":"max-snippet:-1","max-image-preview":"max-image-preview:large","max-video-preview":"max-video-preview:-1"},"canonical":"https:\/\/www.ferrogal.com\/blog\/2014\/06\/11\/catalogo-ferrokey-verano-2014\/","og_locale":"es_ES","og_type":"article","og_title":"Cat\u00e1logo Ferrokey Verano 2014  - Ferreter\u00eda Ferrogal","og_description":"El \u00faltimo cat\u00e1logo de Ferrokey va dedicado al Verano, en sus m\u00e1s de 40 p\u00e1ginas encontramos un gran surtido de art\u00edculos de ferreter\u00eda.Las l\u00edneas maestras van dirigidas a cubrir las necesidades relacionadas con la temporada de verano, entre ellas destacamos: Ventilaci\u00f3n y aire acondicionado Art\u00edculos para la playa y el campo Insecticidas y ahuyentadores el\u00e9ctricos [&hellip;]","og_url":"https:\/\/www.ferrogal.com\/blog\/2014\/06\/11\/catalogo-ferrokey-verano-2014\/","og_site_name":"Ferreter\u00eda Ferrogal","article_publisher":"https:\/\/www.facebook.com\/FERROGAL","article_published_time":"2014-06-11T17:25:43+00:00","og_image":[{"width":617,"height":750,"url":"https:\/\/www.ferrogal.com\/blog\/wp-content\/uploads\/2014\/06\/catalogovenaroferrokey.jpg","type":"image\/jpeg"}],"author":"Ferrogal - Ferreteria online","twitter_card":"summary_large_image","twitter_creator":"@ferrogal","twitter_site":"@ferrogal","twitter_misc":{"Escrito por":"Ferrogal - Ferreteria online"},"schema":{"@context":"https:\/\/schema.org","@graph":[{"@type":"Article","@id":"https:\/\/www.ferrogal.com\/blog\/2014\/06\/11\/catalogo-ferrokey-verano-2014\/#article","isPartOf":{"@id":"https:\/\/www.ferrogal.com\/blog\/2014\/06\/11\/catalogo-ferrokey-verano-2014\/"},"author":{"name":"Ferrogal - Ferreteria online","@id":"https:\/\/www.ferrogal.com\/blog\/#\/schema\/person\/743e4c8308fe1ee9b1cad155d7ad4e1d"},"headline":"Cat\u00e1logo Ferrokey Verano 2014","datePublished":"2014-06-11T17:25:43+00:00","mainEntityOfPage":{"@id":"https:\/\/www.ferrogal.com\/blog\/2014\/06\/11\/catalogo-ferrokey-verano-2014\/"},"wordCount":94,"commentCount":0,"publisher":{"@id":"https:\/\/www.ferrogal.com\/blog\/#organization"},"image":{"@id":"https:\/\/www.ferrogal.com\/blog\/2014\/06\/11\/catalogo-ferrokey-verano-2014\/#primaryimage"},"thumbnailUrl":"https:\/\/www.ferrogal.com\/blog\/wp-content\/uploads\/2014\/06\/catalogovenaroferrokey.jpg","keywords":["Cat\u00e1logo","Ferrokey","verano"],"articleSection":["Cat\u00e1logos"],"inLanguage":"es","potentialAction":[{"@type":"CommentAction","name":"Comment","target":["https:\/\/www.ferrogal.com\/blog\/2014\/06\/11\/catalogo-ferrokey-verano-2014\/#respond"]}]},{"@type":"WebPage","@id":"https:\/\/www.ferrogal.com\/blog\/2014\/06\/11\/catalogo-ferrokey-verano-2014\/","url":"https:\/\/www.ferrogal.com\/blog\/2014\/06\/11\/catalogo-ferrokey-verano-2014\/","name":"Cat\u00e1logo Ferrokey Verano 2014 - Ferreter\u00eda Ferrogal","isPartOf":{"@id":"https:\/\/www.ferrogal.com\/blog\/#website"},"primaryImageOfPage":{"@id":"https:\/\/www.ferrogal.com\/blog\/2014\/06\/11\/catalogo-ferrokey-verano-2014\/#primaryimage"},"image":{"@id":"https:\/\/www.ferrogal.com\/blog\/2014\/06\/11\/catalogo-ferrokey-verano-2014\/#primaryimage"},"thumbnailUrl":"https:\/\/www.ferrogal.com\/blog\/wp-content\/uploads\/2014\/06\/catalogovenaroferrokey.jpg","datePublished":"2014-06-11T17:25:43+00:00","breadcrumb":{"@id":"https:\/\/www.ferrogal.com\/blog\/2014\/06\/11\/catalogo-ferrokey-verano-2014\/#breadcrumb"},"inLanguage":"es","potentialAction":[{"@type":"ReadAction","target":["https:\/\/www.ferrogal.com\/blog\/2014\/06\/11\/catalogo-ferrokey-verano-2014\/"]}]},{"@type":"ImageObject","inLanguage":"es","@id":"https:\/\/www.ferrogal.com\/blog\/2014\/06\/11\/catalogo-ferrokey-verano-2014\/#primaryimage","url":"https:\/\/www.ferrogal.com\/blog\/wp-content\/uploads\/2014\/06\/catalogovenaroferrokey.jpg","contentUrl":"https:\/\/www.ferrogal.com\/blog\/wp-content\/uploads\/2014\/06\/catalogovenaroferrokey.jpg","width":"617","height":"750"},{"@type":"BreadcrumbList","@id":"https:\/\/www.ferrogal.com\/blog\/2014\/06\/11\/catalogo-ferrokey-verano-2014\/#breadcrumb","itemListElement":[{"@type":"ListItem","position":1,"name":"Portada","item":"https:\/\/www.ferrogal.com\/blog\/"},{"@type":"ListItem","position":2,"name":"Cat\u00e1logos","item":"https:\/\/www.ferrogal.com\/blog\/category\/catalogos\/"},{"@type":"ListItem","position":3,"name":"Cat\u00e1logo Ferrokey Verano 2014"}]},{"@type":"WebSite","@id":"https:\/\/www.ferrogal.com\/blog\/#website","url":"https:\/\/www.ferrogal.com\/blog\/","name":"Ferreter\u00eda Ferrogal","description":"Zamora 980 519 720 \/ 980 526 018","publisher":{"@id":"https:\/\/www.ferrogal.com\/blog\/#organization"},"potentialAction":[{"@type":"SearchAction","target":{"@type":"EntryPoint","urlTemplate":"https:\/\/www.ferrogal.com\/blog\/?s={search_term_string}"},"query-input":{"@type":"PropertyValueSpecification","valueRequired":true,"valueName":"search_term_string"}}],"inLanguage":"es"},{"@type":"Organization","@id":"https:\/\/www.ferrogal.com\/blog\/#organization","name":"Ferreter\u00edas Ferrogal","url":"https:\/\/www.ferrogal.com\/blog\/","logo":{"@type":"ImageObject","inLanguage":"es","@id":"https:\/\/www.ferrogal.com\/blog\/#\/schema\/logo\/image\/","url":"https:\/\/www.ferrogal.com\/blog\/wp-content\/uploads\/2022\/05\/logo.png","contentUrl":"https:\/\/www.ferrogal.com\/blog\/wp-content\/uploads\/2022\/05\/logo.png","width":250,"height":53,"caption":"Ferreter\u00edas Ferrogal"},"image":{"@id":"https:\/\/www.ferrogal.com\/blog\/#\/schema\/logo\/image\/"},"sameAs":["https:\/\/www.facebook.com\/FERROGAL","https:\/\/x.com\/ferrogal","https:\/\/www.youtube.com\/user\/jcpgalan?feature=CBIQwRs="]},{"@type":"Person","@id":"https:\/\/www.ferrogal.com\/blog\/#\/schema\/person\/743e4c8308fe1ee9b1cad155d7ad4e1d","name":"Ferrogal - Ferreteria online"}]}},"_links":{"self":[{"href":"https:\/\/www.ferrogal.com\/blog\/wp-json\/wp\/v2\/posts\/643","targetHints":{"allow":["GET"]}}],"collection":[{"href":"https:\/\/www.ferrogal.com\/blog\/wp-json\/wp\/v2\/posts"}],"about":[{"href":"https:\/\/www.ferrogal.com\/blog\/wp-json\/wp\/v2\/types\/post"}],"author":[{"embeddable":true,"href":"https:\/\/www.ferrogal.com\/blog\/wp-json\/wp\/v2\/users\/1"}],"replies":[{"embeddable":true,"href":"https:\/\/www.ferrogal.com\/blog\/wp-json\/wp\/v2\/comments?post=643"}],"version-history":[{"count":0,"href":"https:\/\/www.ferrogal.com\/blog\/wp-json\/wp\/v2\/posts\/643\/revisions"}],"wp:featuredmedia":[{"embeddable":true,"href":"https:\/\/www.ferrogal.com\/blog\/wp-json\/wp\/v2\/media\/644"}],"wp:attachment":[{"href":"https:\/\/www.ferrogal.com\/blog\/wp-json\/wp\/v2\/media?parent=643"}],"wp:term":[{"taxonomy":"category","embeddable":true,"href":"https:\/\/www.ferrogal.com\/blog\/wp-json\/wp\/v2\/categories?post=643"},{"taxonomy":"post_tag","embeddable":true,"href":"https:\/\/www.ferrogal.com\/blog\/wp-json\/wp\/v2\/tags?post=643"}],"curies":[{"name":"wp","href":"https:\/\/api.w.org\/{rel}","templated":true}]}}