{"id":602,"date":"2014-05-16T09:33:08","date_gmt":"2014-05-16T07:33:08","guid":{"rendered":"http:\/\/www.ferrogal.com\/blog\/?p=602"},"modified":"2014-05-16T09:33:08","modified_gmt":"2014-05-16T07:33:08","slug":"el-dia-de-tu-casa-lo-celebramos-en-nuestra-web","status":"publish","type":"post","link":"https:\/\/www.ferrogal.com\/blog\/2014\/05\/16\/el-dia-de-tu-casa-lo-celebramos-en-nuestra-web\/","title":{"rendered":"El D\u00eda de Tu Casa lo celebramos en nuestra web"},"content":{"rendered":"<p>El d\u00eda 16 de Mayo se celebra en toda Espa\u00f1a el D\u00eda de Tu Casa, una iniciativa del Comit\u00e9 AECOC de Ferreter\u00eda y Bricolaje al que se han sumado un gran n\u00famero de empresas relacionadas con el sector.\u00a0<a href=\"http:\/\/www.ferrogal.com\/blog\/wp-content\/uploads\/2014\/05\/el-dia-de-tu-casa-cofac11.jpg\"><img fetchpriority=\"high\" decoding=\"async\" class=\"aligncenter size-full wp-image-603\" title=\"el-dia-de-tu-casa-cofac1\" src=\"http:\/\/www.ferrogal.com\/blog\/wp-content\/uploads\/2014\/05\/el-dia-de-tu-casa-cofac11.jpg\" alt=\"\" width=\"300\" height=\"295\" \/><\/a><\/p>\n<p>Desde Ferrogal nos hemos apuntado a este d\u00eda ofreciendo a trav\u00e9s de nuestra web Portes Gratis a partir de compras superiores a 30\u20ac (para env\u00edos a la Peninsula e Islas Baleares), esta promoci\u00f3n estar\u00e1 vigente los d\u00edas 16,17 y 18 de Mayo<a href=\"http:\/\/www.ferrogal.com\/blog\/wp-content\/uploads\/2014\/05\/Eldiadetucasa1.jpg\"><img decoding=\"async\" class=\"aligncenter size-full wp-image-605\" title=\"Eldiadetucasa1\" src=\"http:\/\/www.ferrogal.com\/blog\/wp-content\/uploads\/2014\/05\/Eldiadetucasa1.jpg\" alt=\"\" width=\"1000\" height=\"250\" srcset=\"https:\/\/www.ferrogal.com\/blog\/wp-content\/uploads\/2014\/05\/Eldiadetucasa1.jpg 1000w, https:\/\/www.ferrogal.com\/blog\/wp-content\/uploads\/2014\/05\/Eldiadetucasa1-300x75.jpg 300w\" sizes=\"(max-width: 1000px) 100vw, 1000px\" \/><\/a><\/p>\n<p>Con esta idea queremos ayudar a impulsar\u00a0 y potenciar nuestro sector, a la que hemos querido complementar con otra <a href=\"http:\/\/www.ferrogal.com\/blog\/2014\/05\/13\/ferrogal-participa-en-el-dia-de-tu-casa-de-la-mano-de-bellota\/\">Offline<\/a> en nuestros establecimientos de Zamora en la vamos de la mano de Herramientas Bellota<\/p>\n<p>\u00bfQu\u00e9 opinas de este tipo de iniciativas?<\/p>\n","protected":false},"excerpt":{"rendered":"<p>El d\u00eda 16 de Mayo se celebra en toda Espa\u00f1a el D\u00eda de Tu Casa, una iniciativa del Comit\u00e9 AECOC de Ferreter\u00eda y Bricolaje al que se han sumado un gran n\u00famero de empresas relacionadas con el sector.\u00a0 Desde Ferrogal nos hemos apuntado a este d\u00eda ofreciendo a trav\u00e9s de nuestra web Portes Gratis a [&hellip;]<\/p>\n","protected":false},"author":1,"featured_media":606,"comment_status":"open","ping_status":"open","sticky":false,"template":"","format":"standard","meta":{"footnotes":""},"categories":[1,4],"tags":[24,36,40],"class_list":["post-602","post","type-post","status-publish","format-standard","has-post-thumbnail","hentry","category-bricolaje","category-ferreteria","tag-bricolaje-2","tag-ferreteria-2","tag-ventaonlie"],"yoast_head":"<!-- This site is optimized with the Yoast SEO plugin v27.4 - https:\/\/yoast.com\/product\/yoast-seo-wordpress\/ -->\n<title>El D\u00eda de Tu Casa lo celebramos en nuestra web - Ferreter\u00eda Ferrogal<\/title>\n<meta name=\"robots\" content=\"index, follow, max-snippet:-1, max-image-preview:large, max-video-preview:-1\" \/>\n<link rel=\"canonical\" href=\"https:\/\/www.ferrogal.com\/blog\/2014\/05\/16\/el-dia-de-tu-casa-lo-celebramos-en-nuestra-web\/\" \/>\n<meta property=\"og:locale\" content=\"es_ES\" \/>\n<meta property=\"og:type\" content=\"article\" \/>\n<meta property=\"og:title\" content=\"El D\u00eda de Tu Casa lo celebramos en nuestra web - Ferreter\u00eda Ferrogal\" \/>\n<meta property=\"og:description\" content=\"El d\u00eda 16 de Mayo se celebra en toda Espa\u00f1a el D\u00eda de Tu Casa, una iniciativa del Comit\u00e9 AECOC de Ferreter\u00eda y Bricolaje al que se han sumado un gran n\u00famero de empresas relacionadas con el sector.\u00a0 Desde Ferrogal nos hemos apuntado a este d\u00eda ofreciendo a trav\u00e9s de nuestra web Portes Gratis a [&hellip;]\" \/>\n<meta property=\"og:url\" content=\"https:\/\/www.ferrogal.com\/blog\/2014\/05\/16\/el-dia-de-tu-casa-lo-celebramos-en-nuestra-web\/\" \/>\n<meta property=\"og:site_name\" content=\"Ferreter\u00eda Ferrogal\" \/>\n<meta property=\"article:publisher\" content=\"https:\/\/www.facebook.com\/FERROGAL\" \/>\n<meta property=\"article:published_time\" content=\"2014-05-16T07:33:08+00:00\" \/>\n<meta property=\"og:image\" content=\"https:\/\/www.ferrogal.com\/blog\/wp-content\/uploads\/2014\/05\/Dia-de-tu-Casa-logo.jpg\" \/>\n\t<meta property=\"og:image:width\" content=\"270\" \/>\n\t<meta property=\"og:image:height\" content=\"218\" \/>\n\t<meta property=\"og:image:type\" content=\"image\/jpeg\" \/>\n<meta name=\"author\" content=\"Ferrogal - Ferreteria online\" \/>\n<meta name=\"twitter:card\" content=\"summary_large_image\" \/>\n<meta name=\"twitter:creator\" content=\"@ferrogal\" \/>\n<meta name=\"twitter:site\" content=\"@ferrogal\" \/>\n<meta name=\"twitter:label1\" content=\"Escrito por\" \/>\n\t<meta name=\"twitter:data1\" content=\"Ferrogal - Ferreteria online\" \/>\n\t<meta name=\"twitter:label2\" content=\"Tiempo de lectura\" \/>\n\t<meta name=\"twitter:data2\" content=\"1 minuto\" \/>\n<script type=\"application\/ld+json\" class=\"yoast-schema-graph\">{\"@context\":\"https:\\\/\\\/schema.org\",\"@graph\":[{\"@type\":\"Article\",\"@id\":\"https:\\\/\\\/www.ferrogal.com\\\/blog\\\/2014\\\/05\\\/16\\\/el-dia-de-tu-casa-lo-celebramos-en-nuestra-web\\\/#article\",\"isPartOf\":{\"@id\":\"https:\\\/\\\/www.ferrogal.com\\\/blog\\\/2014\\\/05\\\/16\\\/el-dia-de-tu-casa-lo-celebramos-en-nuestra-web\\\/\"},\"author\":{\"name\":\"Ferrogal - Ferreteria online\",\"@id\":\"https:\\\/\\\/www.ferrogal.com\\\/blog\\\/#\\\/schema\\\/person\\\/743e4c8308fe1ee9b1cad155d7ad4e1d\"},\"headline\":\"El D\u00eda de Tu Casa lo celebramos en nuestra web\",\"datePublished\":\"2014-05-16T07:33:08+00:00\",\"mainEntityOfPage\":{\"@id\":\"https:\\\/\\\/www.ferrogal.com\\\/blog\\\/2014\\\/05\\\/16\\\/el-dia-de-tu-casa-lo-celebramos-en-nuestra-web\\\/\"},\"wordCount\":138,\"commentCount\":1,\"publisher\":{\"@id\":\"https:\\\/\\\/www.ferrogal.com\\\/blog\\\/#organization\"},\"image\":{\"@id\":\"https:\\\/\\\/www.ferrogal.com\\\/blog\\\/2014\\\/05\\\/16\\\/el-dia-de-tu-casa-lo-celebramos-en-nuestra-web\\\/#primaryimage\"},\"thumbnailUrl\":\"https:\\\/\\\/www.ferrogal.com\\\/blog\\\/wp-content\\\/uploads\\\/2014\\\/05\\\/Dia-de-tu-Casa-logo.jpg\",\"keywords\":[\"bricolaje\",\"ferreteria\",\"ventaonlie\"],\"articleSection\":[\"Bricolaje\",\"Ferreter\u00eda\"],\"inLanguage\":\"es\",\"potentialAction\":[{\"@type\":\"CommentAction\",\"name\":\"Comment\",\"target\":[\"https:\\\/\\\/www.ferrogal.com\\\/blog\\\/2014\\\/05\\\/16\\\/el-dia-de-tu-casa-lo-celebramos-en-nuestra-web\\\/#respond\"]}]},{\"@type\":\"WebPage\",\"@id\":\"https:\\\/\\\/www.ferrogal.com\\\/blog\\\/2014\\\/05\\\/16\\\/el-dia-de-tu-casa-lo-celebramos-en-nuestra-web\\\/\",\"url\":\"https:\\\/\\\/www.ferrogal.com\\\/blog\\\/2014\\\/05\\\/16\\\/el-dia-de-tu-casa-lo-celebramos-en-nuestra-web\\\/\",\"name\":\"El D\u00eda de Tu Casa lo celebramos en nuestra web - Ferreter\u00eda Ferrogal\",\"isPartOf\":{\"@id\":\"https:\\\/\\\/www.ferrogal.com\\\/blog\\\/#website\"},\"primaryImageOfPage\":{\"@id\":\"https:\\\/\\\/www.ferrogal.com\\\/blog\\\/2014\\\/05\\\/16\\\/el-dia-de-tu-casa-lo-celebramos-en-nuestra-web\\\/#primaryimage\"},\"image\":{\"@id\":\"https:\\\/\\\/www.ferrogal.com\\\/blog\\\/2014\\\/05\\\/16\\\/el-dia-de-tu-casa-lo-celebramos-en-nuestra-web\\\/#primaryimage\"},\"thumbnailUrl\":\"https:\\\/\\\/www.ferrogal.com\\\/blog\\\/wp-content\\\/uploads\\\/2014\\\/05\\\/Dia-de-tu-Casa-logo.jpg\",\"datePublished\":\"2014-05-16T07:33:08+00:00\",\"breadcrumb\":{\"@id\":\"https:\\\/\\\/www.ferrogal.com\\\/blog\\\/2014\\\/05\\\/16\\\/el-dia-de-tu-casa-lo-celebramos-en-nuestra-web\\\/#breadcrumb\"},\"inLanguage\":\"es\",\"potentialAction\":[{\"@type\":\"ReadAction\",\"target\":[\"https:\\\/\\\/www.ferrogal.com\\\/blog\\\/2014\\\/05\\\/16\\\/el-dia-de-tu-casa-lo-celebramos-en-nuestra-web\\\/\"]}]},{\"@type\":\"ImageObject\",\"inLanguage\":\"es\",\"@id\":\"https:\\\/\\\/www.ferrogal.com\\\/blog\\\/2014\\\/05\\\/16\\\/el-dia-de-tu-casa-lo-celebramos-en-nuestra-web\\\/#primaryimage\",\"url\":\"https:\\\/\\\/www.ferrogal.com\\\/blog\\\/wp-content\\\/uploads\\\/2014\\\/05\\\/Dia-de-tu-Casa-logo.jpg\",\"contentUrl\":\"https:\\\/\\\/www.ferrogal.com\\\/blog\\\/wp-content\\\/uploads\\\/2014\\\/05\\\/Dia-de-tu-Casa-logo.jpg\",\"width\":\"270\",\"height\":\"218\"},{\"@type\":\"BreadcrumbList\",\"@id\":\"https:\\\/\\\/www.ferrogal.com\\\/blog\\\/2014\\\/05\\\/16\\\/el-dia-de-tu-casa-lo-celebramos-en-nuestra-web\\\/#breadcrumb\",\"itemListElement\":[{\"@type\":\"ListItem\",\"position\":1,\"name\":\"Portada\",\"item\":\"https:\\\/\\\/www.ferrogal.com\\\/blog\\\/\"},{\"@type\":\"ListItem\",\"position\":2,\"name\":\"Bricolaje\",\"item\":\"https:\\\/\\\/www.ferrogal.com\\\/blog\\\/category\\\/bricolaje\\\/\"},{\"@type\":\"ListItem\",\"position\":3,\"name\":\"El D\u00eda de Tu Casa lo celebramos en nuestra web\"}]},{\"@type\":\"WebSite\",\"@id\":\"https:\\\/\\\/www.ferrogal.com\\\/blog\\\/#website\",\"url\":\"https:\\\/\\\/www.ferrogal.com\\\/blog\\\/\",\"name\":\"Ferreter\u00eda Ferrogal\",\"description\":\"Zamora 980 519 720 \\\/ 980 526 018\",\"publisher\":{\"@id\":\"https:\\\/\\\/www.ferrogal.com\\\/blog\\\/#organization\"},\"potentialAction\":[{\"@type\":\"SearchAction\",\"target\":{\"@type\":\"EntryPoint\",\"urlTemplate\":\"https:\\\/\\\/www.ferrogal.com\\\/blog\\\/?s={search_term_string}\"},\"query-input\":{\"@type\":\"PropertyValueSpecification\",\"valueRequired\":true,\"valueName\":\"search_term_string\"}}],\"inLanguage\":\"es\"},{\"@type\":\"Organization\",\"@id\":\"https:\\\/\\\/www.ferrogal.com\\\/blog\\\/#organization\",\"name\":\"Ferreter\u00edas Ferrogal\",\"url\":\"https:\\\/\\\/www.ferrogal.com\\\/blog\\\/\",\"logo\":{\"@type\":\"ImageObject\",\"inLanguage\":\"es\",\"@id\":\"https:\\\/\\\/www.ferrogal.com\\\/blog\\\/#\\\/schema\\\/logo\\\/image\\\/\",\"url\":\"https:\\\/\\\/www.ferrogal.com\\\/blog\\\/wp-content\\\/uploads\\\/2022\\\/05\\\/logo.png\",\"contentUrl\":\"https:\\\/\\\/www.ferrogal.com\\\/blog\\\/wp-content\\\/uploads\\\/2022\\\/05\\\/logo.png\",\"width\":250,\"height\":53,\"caption\":\"Ferreter\u00edas Ferrogal\"},\"image\":{\"@id\":\"https:\\\/\\\/www.ferrogal.com\\\/blog\\\/#\\\/schema\\\/logo\\\/image\\\/\"},\"sameAs\":[\"https:\\\/\\\/www.facebook.com\\\/FERROGAL\",\"https:\\\/\\\/x.com\\\/ferrogal\",\"https:\\\/\\\/www.youtube.com\\\/user\\\/jcpgalan?feature=CBIQwRs=\"]},{\"@type\":\"Person\",\"@id\":\"https:\\\/\\\/www.ferrogal.com\\\/blog\\\/#\\\/schema\\\/person\\\/743e4c8308fe1ee9b1cad155d7ad4e1d\",\"name\":\"Ferrogal - Ferreteria online\"}]}<\/script>\n<!-- \/ Yoast SEO plugin. -->","yoast_head_json":{"title":"El D\u00eda de Tu Casa lo celebramos en nuestra web - Ferreter\u00eda Ferrogal","robots":{"index":"index","follow":"follow","max-snippet":"max-snippet:-1","max-image-preview":"max-image-preview:large","max-video-preview":"max-video-preview:-1"},"canonical":"https:\/\/www.ferrogal.com\/blog\/2014\/05\/16\/el-dia-de-tu-casa-lo-celebramos-en-nuestra-web\/","og_locale":"es_ES","og_type":"article","og_title":"El D\u00eda de Tu Casa lo celebramos en nuestra web - Ferreter\u00eda Ferrogal","og_description":"El d\u00eda 16 de Mayo se celebra en toda Espa\u00f1a el D\u00eda de Tu Casa, una iniciativa del Comit\u00e9 AECOC de Ferreter\u00eda y Bricolaje al que se han sumado un gran n\u00famero de empresas relacionadas con el sector.\u00a0 Desde Ferrogal nos hemos apuntado a este d\u00eda ofreciendo a trav\u00e9s de nuestra web Portes Gratis a [&hellip;]","og_url":"https:\/\/www.ferrogal.com\/blog\/2014\/05\/16\/el-dia-de-tu-casa-lo-celebramos-en-nuestra-web\/","og_site_name":"Ferreter\u00eda Ferrogal","article_publisher":"https:\/\/www.facebook.com\/FERROGAL","article_published_time":"2014-05-16T07:33:08+00:00","og_image":[{"width":270,"height":218,"url":"https:\/\/www.ferrogal.com\/blog\/wp-content\/uploads\/2014\/05\/Dia-de-tu-Casa-logo.jpg","type":"image\/jpeg"}],"author":"Ferrogal - Ferreteria online","twitter_card":"summary_large_image","twitter_creator":"@ferrogal","twitter_site":"@ferrogal","twitter_misc":{"Escrito por":"Ferrogal - Ferreteria online","Tiempo de lectura":"1 minuto"},"schema":{"@context":"https:\/\/schema.org","@graph":[{"@type":"Article","@id":"https:\/\/www.ferrogal.com\/blog\/2014\/05\/16\/el-dia-de-tu-casa-lo-celebramos-en-nuestra-web\/#article","isPartOf":{"@id":"https:\/\/www.ferrogal.com\/blog\/2014\/05\/16\/el-dia-de-tu-casa-lo-celebramos-en-nuestra-web\/"},"author":{"name":"Ferrogal - Ferreteria online","@id":"https:\/\/www.ferrogal.com\/blog\/#\/schema\/person\/743e4c8308fe1ee9b1cad155d7ad4e1d"},"headline":"El D\u00eda de Tu Casa lo celebramos en nuestra web","datePublished":"2014-05-16T07:33:08+00:00","mainEntityOfPage":{"@id":"https:\/\/www.ferrogal.com\/blog\/2014\/05\/16\/el-dia-de-tu-casa-lo-celebramos-en-nuestra-web\/"},"wordCount":138,"commentCount":1,"publisher":{"@id":"https:\/\/www.ferrogal.com\/blog\/#organization"},"image":{"@id":"https:\/\/www.ferrogal.com\/blog\/2014\/05\/16\/el-dia-de-tu-casa-lo-celebramos-en-nuestra-web\/#primaryimage"},"thumbnailUrl":"https:\/\/www.ferrogal.com\/blog\/wp-content\/uploads\/2014\/05\/Dia-de-tu-Casa-logo.jpg","keywords":["bricolaje","ferreteria","ventaonlie"],"articleSection":["Bricolaje","Ferreter\u00eda"],"inLanguage":"es","potentialAction":[{"@type":"CommentAction","name":"Comment","target":["https:\/\/www.ferrogal.com\/blog\/2014\/05\/16\/el-dia-de-tu-casa-lo-celebramos-en-nuestra-web\/#respond"]}]},{"@type":"WebPage","@id":"https:\/\/www.ferrogal.com\/blog\/2014\/05\/16\/el-dia-de-tu-casa-lo-celebramos-en-nuestra-web\/","url":"https:\/\/www.ferrogal.com\/blog\/2014\/05\/16\/el-dia-de-tu-casa-lo-celebramos-en-nuestra-web\/","name":"El D\u00eda de Tu Casa lo celebramos en nuestra web - Ferreter\u00eda Ferrogal","isPartOf":{"@id":"https:\/\/www.ferrogal.com\/blog\/#website"},"primaryImageOfPage":{"@id":"https:\/\/www.ferrogal.com\/blog\/2014\/05\/16\/el-dia-de-tu-casa-lo-celebramos-en-nuestra-web\/#primaryimage"},"image":{"@id":"https:\/\/www.ferrogal.com\/blog\/2014\/05\/16\/el-dia-de-tu-casa-lo-celebramos-en-nuestra-web\/#primaryimage"},"thumbnailUrl":"https:\/\/www.ferrogal.com\/blog\/wp-content\/uploads\/2014\/05\/Dia-de-tu-Casa-logo.jpg","datePublished":"2014-05-16T07:33:08+00:00","breadcrumb":{"@id":"https:\/\/www.ferrogal.com\/blog\/2014\/05\/16\/el-dia-de-tu-casa-lo-celebramos-en-nuestra-web\/#breadcrumb"},"inLanguage":"es","potentialAction":[{"@type":"ReadAction","target":["https:\/\/www.ferrogal.com\/blog\/2014\/05\/16\/el-dia-de-tu-casa-lo-celebramos-en-nuestra-web\/"]}]},{"@type":"ImageObject","inLanguage":"es","@id":"https:\/\/www.ferrogal.com\/blog\/2014\/05\/16\/el-dia-de-tu-casa-lo-celebramos-en-nuestra-web\/#primaryimage","url":"https:\/\/www.ferrogal.com\/blog\/wp-content\/uploads\/2014\/05\/Dia-de-tu-Casa-logo.jpg","contentUrl":"https:\/\/www.ferrogal.com\/blog\/wp-content\/uploads\/2014\/05\/Dia-de-tu-Casa-logo.jpg","width":"270","height":"218"},{"@type":"BreadcrumbList","@id":"https:\/\/www.ferrogal.com\/blog\/2014\/05\/16\/el-dia-de-tu-casa-lo-celebramos-en-nuestra-web\/#breadcrumb","itemListElement":[{"@type":"ListItem","position":1,"name":"Portada","item":"https:\/\/www.ferrogal.com\/blog\/"},{"@type":"ListItem","position":2,"name":"Bricolaje","item":"https:\/\/www.ferrogal.com\/blog\/category\/bricolaje\/"},{"@type":"ListItem","position":3,"name":"El D\u00eda de Tu Casa lo celebramos en nuestra web"}]},{"@type":"WebSite","@id":"https:\/\/www.ferrogal.com\/blog\/#website","url":"https:\/\/www.ferrogal.com\/blog\/","name":"Ferreter\u00eda Ferrogal","description":"Zamora 980 519 720 \/ 980 526 018","publisher":{"@id":"https:\/\/www.ferrogal.com\/blog\/#organization"},"potentialAction":[{"@type":"SearchAction","target":{"@type":"EntryPoint","urlTemplate":"https:\/\/www.ferrogal.com\/blog\/?s={search_term_string}"},"query-input":{"@type":"PropertyValueSpecification","valueRequired":true,"valueName":"search_term_string"}}],"inLanguage":"es"},{"@type":"Organization","@id":"https:\/\/www.ferrogal.com\/blog\/#organization","name":"Ferreter\u00edas Ferrogal","url":"https:\/\/www.ferrogal.com\/blog\/","logo":{"@type":"ImageObject","inLanguage":"es","@id":"https:\/\/www.ferrogal.com\/blog\/#\/schema\/logo\/image\/","url":"https:\/\/www.ferrogal.com\/blog\/wp-content\/uploads\/2022\/05\/logo.png","contentUrl":"https:\/\/www.ferrogal.com\/blog\/wp-content\/uploads\/2022\/05\/logo.png","width":250,"height":53,"caption":"Ferreter\u00edas Ferrogal"},"image":{"@id":"https:\/\/www.ferrogal.com\/blog\/#\/schema\/logo\/image\/"},"sameAs":["https:\/\/www.facebook.com\/FERROGAL","https:\/\/x.com\/ferrogal","https:\/\/www.youtube.com\/user\/jcpgalan?feature=CBIQwRs="]},{"@type":"Person","@id":"https:\/\/www.ferrogal.com\/blog\/#\/schema\/person\/743e4c8308fe1ee9b1cad155d7ad4e1d","name":"Ferrogal - Ferreteria online"}]}},"_links":{"self":[{"href":"https:\/\/www.ferrogal.com\/blog\/wp-json\/wp\/v2\/posts\/602","targetHints":{"allow":["GET"]}}],"collection":[{"href":"https:\/\/www.ferrogal.com\/blog\/wp-json\/wp\/v2\/posts"}],"about":[{"href":"https:\/\/www.ferrogal.com\/blog\/wp-json\/wp\/v2\/types\/post"}],"author":[{"embeddable":true,"href":"https:\/\/www.ferrogal.com\/blog\/wp-json\/wp\/v2\/users\/1"}],"replies":[{"embeddable":true,"href":"https:\/\/www.ferrogal.com\/blog\/wp-json\/wp\/v2\/comments?post=602"}],"version-history":[{"count":0,"href":"https:\/\/www.ferrogal.com\/blog\/wp-json\/wp\/v2\/posts\/602\/revisions"}],"wp:featuredmedia":[{"embeddable":true,"href":"https:\/\/www.ferrogal.com\/blog\/wp-json\/wp\/v2\/media\/606"}],"wp:attachment":[{"href":"https:\/\/www.ferrogal.com\/blog\/wp-json\/wp\/v2\/media?parent=602"}],"wp:term":[{"taxonomy":"category","embeddable":true,"href":"https:\/\/www.ferrogal.com\/blog\/wp-json\/wp\/v2\/categories?post=602"},{"taxonomy":"post_tag","embeddable":true,"href":"https:\/\/www.ferrogal.com\/blog\/wp-json\/wp\/v2\/tags?post=602"}],"curies":[{"name":"wp","href":"https:\/\/api.w.org\/{rel}","templated":true}]}}