{"id":4,"date":"2012-10-08T09:18:18","date_gmt":"2012-10-08T09:18:18","guid":{"rendered":"http:\/\/www.ferrogal.com\/blog\/?p=4"},"modified":"2013-03-26T19:55:56","modified_gmt":"2013-03-26T17:55:56","slug":"catalogo-profesional-otono-2012-de-comafe","status":"publish","type":"post","link":"https:\/\/www.ferrogal.com\/blog\/2012\/10\/08\/catalogo-profesional-otono-2012-de-comafe\/","title":{"rendered":"Catalogo Profesional Oto\u00f1o 2012 de Comafe"},"content":{"rendered":"<div>El d\u00eda 29 de septiembre se empez\u00f3 a distribuir entre todos los clientes de las ferreter\u00edas asociadas a Comafe el nuevo <a href=\"http:\/\/ferrogal.visibli.com\/6cfafc5a6b44d9c5\/?web=aeca9f&amp;dst=http%3A\/\/www.ferrogal.com\/Profesional%2520Otono%25202012%2520Web.pdf\" target=\"\">cat\u00e1logo<\/a> orientado al p\u00fablico profesional de ferreter\u00eda, aunque cada vez m\u00e1s clientes que podemos denominar generalistas empiezan a demandar est\u00e1 l\u00ednea de productos de alta calidad y con precios muy ajustados.<\/div>\n<div><\/div>\n<div>Como en otros a\u00f1os encontramos todo lo que cualquier profesional\u00a0 puede necesitar; herramienta manual, herramienta el\u00e9ctrica, vestuario laboral, protecci\u00f3n, cerrajer\u00eda, qu\u00edmicos\u2026de las primeras marcas del sector.<\/div>\n<div>\n<div><img decoding=\"async\" class=\"aligncenter\" title=\"Catalogo Profesional Oto\u00f1o 2012 de Comafe\" src=\"http:\/\/3.bp.blogspot.com\/-Oi2Yqafq31I\/UHKFXiww-SI\/AAAAAAAAAZI\/6sxJx0od8X0\/s320\/Profesional2012Oto%C3%B1o.jpg\" alt=\"\" width=\"180\" height=\"254\" \/><\/div>\n<\/div>\n<div>En cuanto al dise\u00f1o destaca su est\u00e9tica elegante y la calidad de la impresi\u00f3n que conforma una revista de 51 p\u00e1ginas, que hace que el cliente la use tanto para informarse de los P.V.P. como de gu\u00eda para consultar los productos que pueden cubrir sus necesidades.<\/div>\n<div>En <a href=\"http:\/\/ferrogal.visibli.com\/6cfafc5a6b44d9c5\/?web=aeca9f&amp;dst=http%3A\/\/www.ferrogal.com\/\" target=\"\">ferrogal.com<\/a> la pod\u00e9is consultar en formato PDF<\/div>\n","protected":false},"excerpt":{"rendered":"<p>El d\u00eda 29 de septiembre se empez\u00f3 a distribuir entre todos los clientes de las ferreter\u00edas asociadas a Comafe el nuevo cat\u00e1logo orientado al p\u00fablico profesional de ferreter\u00eda, aunque cada vez m\u00e1s clientes que podemos denominar generalistas empiezan a demandar est\u00e1 l\u00ednea de productos de alta calidad y con precios muy ajustados. Como en otros [&hellip;]<\/p>\n","protected":false},"author":1,"featured_media":16,"comment_status":"open","ping_status":"open","sticky":false,"template":"","format":"standard","meta":{"footnotes":""},"categories":[3],"tags":[],"class_list":["post-4","post","type-post","status-publish","format-standard","has-post-thumbnail","hentry","category-profesional"],"yoast_head":"<!-- This site is optimized with the Yoast SEO plugin v27.4 - https:\/\/yoast.com\/product\/yoast-seo-wordpress\/ -->\n<title>Catalogo Profesional Oto\u00f1o 2012 de Comafe - Ferreter\u00eda Ferrogal<\/title>\n<meta name=\"robots\" content=\"index, follow, max-snippet:-1, max-image-preview:large, max-video-preview:-1\" \/>\n<link rel=\"canonical\" href=\"https:\/\/www.ferrogal.com\/blog\/2012\/10\/08\/catalogo-profesional-otono-2012-de-comafe\/\" \/>\n<meta property=\"og:locale\" content=\"es_ES\" \/>\n<meta property=\"og:type\" content=\"article\" \/>\n<meta property=\"og:title\" content=\"Catalogo Profesional Oto\u00f1o 2012 de Comafe - Ferreter\u00eda Ferrogal\" \/>\n<meta property=\"og:description\" content=\"El d\u00eda 29 de septiembre se empez\u00f3 a distribuir entre todos los clientes de las ferreter\u00edas asociadas a Comafe el nuevo cat\u00e1logo orientado al p\u00fablico profesional de ferreter\u00eda, aunque cada vez m\u00e1s clientes que podemos denominar generalistas empiezan a demandar est\u00e1 l\u00ednea de productos de alta calidad y con precios muy ajustados. Como en otros [&hellip;]\" \/>\n<meta property=\"og:url\" content=\"https:\/\/www.ferrogal.com\/blog\/2012\/10\/08\/catalogo-profesional-otono-2012-de-comafe\/\" \/>\n<meta property=\"og:site_name\" content=\"Ferreter\u00eda Ferrogal\" \/>\n<meta property=\"article:publisher\" content=\"https:\/\/www.facebook.com\/FERROGAL\" \/>\n<meta property=\"article:published_time\" content=\"2012-10-08T09:18:18+00:00\" \/>\n<meta property=\"article:modified_time\" content=\"2013-03-26T17:55:56+00:00\" \/>\n<meta property=\"og:image\" content=\"https:\/\/www.ferrogal.com\/blog\/wp-content\/uploads\/2012\/10\/04.jpg\" \/>\n\t<meta property=\"og:image:width\" content=\"1800\" \/>\n\t<meta property=\"og:image:height\" content=\"1200\" \/>\n\t<meta property=\"og:image:type\" content=\"image\/jpeg\" \/>\n<meta name=\"author\" content=\"Ferrogal - Ferreteria online\" \/>\n<meta name=\"twitter:card\" content=\"summary_large_image\" \/>\n<meta name=\"twitter:creator\" content=\"@ferrogal\" \/>\n<meta name=\"twitter:site\" content=\"@ferrogal\" \/>\n<meta name=\"twitter:label1\" content=\"Escrito por\" \/>\n\t<meta name=\"twitter:data1\" content=\"Ferrogal - Ferreteria online\" \/>\n\t<meta name=\"twitter:label2\" content=\"Tiempo de lectura\" \/>\n\t<meta name=\"twitter:data2\" content=\"1 minuto\" \/>\n<script type=\"application\/ld+json\" class=\"yoast-schema-graph\">{\"@context\":\"https:\\\/\\\/schema.org\",\"@graph\":[{\"@type\":\"Article\",\"@id\":\"https:\\\/\\\/www.ferrogal.com\\\/blog\\\/2012\\\/10\\\/08\\\/catalogo-profesional-otono-2012-de-comafe\\\/#article\",\"isPartOf\":{\"@id\":\"https:\\\/\\\/www.ferrogal.com\\\/blog\\\/2012\\\/10\\\/08\\\/catalogo-profesional-otono-2012-de-comafe\\\/\"},\"author\":{\"name\":\"Ferrogal - Ferreteria online\",\"@id\":\"https:\\\/\\\/www.ferrogal.com\\\/blog\\\/#\\\/schema\\\/person\\\/743e4c8308fe1ee9b1cad155d7ad4e1d\"},\"headline\":\"Catalogo Profesional Oto\u00f1o 2012 de Comafe\",\"datePublished\":\"2012-10-08T09:18:18+00:00\",\"dateModified\":\"2013-03-26T17:55:56+00:00\",\"mainEntityOfPage\":{\"@id\":\"https:\\\/\\\/www.ferrogal.com\\\/blog\\\/2012\\\/10\\\/08\\\/catalogo-profesional-otono-2012-de-comafe\\\/\"},\"wordCount\":158,\"commentCount\":0,\"publisher\":{\"@id\":\"https:\\\/\\\/www.ferrogal.com\\\/blog\\\/#organization\"},\"image\":{\"@id\":\"https:\\\/\\\/www.ferrogal.com\\\/blog\\\/2012\\\/10\\\/08\\\/catalogo-profesional-otono-2012-de-comafe\\\/#primaryimage\"},\"thumbnailUrl\":\"https:\\\/\\\/www.ferrogal.com\\\/blog\\\/wp-content\\\/uploads\\\/2012\\\/10\\\/04.jpg\",\"articleSection\":[\"Profesional\"],\"inLanguage\":\"es\",\"potentialAction\":[{\"@type\":\"CommentAction\",\"name\":\"Comment\",\"target\":[\"https:\\\/\\\/www.ferrogal.com\\\/blog\\\/2012\\\/10\\\/08\\\/catalogo-profesional-otono-2012-de-comafe\\\/#respond\"]}]},{\"@type\":\"WebPage\",\"@id\":\"https:\\\/\\\/www.ferrogal.com\\\/blog\\\/2012\\\/10\\\/08\\\/catalogo-profesional-otono-2012-de-comafe\\\/\",\"url\":\"https:\\\/\\\/www.ferrogal.com\\\/blog\\\/2012\\\/10\\\/08\\\/catalogo-profesional-otono-2012-de-comafe\\\/\",\"name\":\"Catalogo Profesional Oto\u00f1o 2012 de Comafe - Ferreter\u00eda Ferrogal\",\"isPartOf\":{\"@id\":\"https:\\\/\\\/www.ferrogal.com\\\/blog\\\/#website\"},\"primaryImageOfPage\":{\"@id\":\"https:\\\/\\\/www.ferrogal.com\\\/blog\\\/2012\\\/10\\\/08\\\/catalogo-profesional-otono-2012-de-comafe\\\/#primaryimage\"},\"image\":{\"@id\":\"https:\\\/\\\/www.ferrogal.com\\\/blog\\\/2012\\\/10\\\/08\\\/catalogo-profesional-otono-2012-de-comafe\\\/#primaryimage\"},\"thumbnailUrl\":\"https:\\\/\\\/www.ferrogal.com\\\/blog\\\/wp-content\\\/uploads\\\/2012\\\/10\\\/04.jpg\",\"datePublished\":\"2012-10-08T09:18:18+00:00\",\"dateModified\":\"2013-03-26T17:55:56+00:00\",\"breadcrumb\":{\"@id\":\"https:\\\/\\\/www.ferrogal.com\\\/blog\\\/2012\\\/10\\\/08\\\/catalogo-profesional-otono-2012-de-comafe\\\/#breadcrumb\"},\"inLanguage\":\"es\",\"potentialAction\":[{\"@type\":\"ReadAction\",\"target\":[\"https:\\\/\\\/www.ferrogal.com\\\/blog\\\/2012\\\/10\\\/08\\\/catalogo-profesional-otono-2012-de-comafe\\\/\"]}]},{\"@type\":\"ImageObject\",\"inLanguage\":\"es\",\"@id\":\"https:\\\/\\\/www.ferrogal.com\\\/blog\\\/2012\\\/10\\\/08\\\/catalogo-profesional-otono-2012-de-comafe\\\/#primaryimage\",\"url\":\"https:\\\/\\\/www.ferrogal.com\\\/blog\\\/wp-content\\\/uploads\\\/2012\\\/10\\\/04.jpg\",\"contentUrl\":\"https:\\\/\\\/www.ferrogal.com\\\/blog\\\/wp-content\\\/uploads\\\/2012\\\/10\\\/04.jpg\",\"width\":\"1800\",\"height\":\"1200\"},{\"@type\":\"BreadcrumbList\",\"@id\":\"https:\\\/\\\/www.ferrogal.com\\\/blog\\\/2012\\\/10\\\/08\\\/catalogo-profesional-otono-2012-de-comafe\\\/#breadcrumb\",\"itemListElement\":[{\"@type\":\"ListItem\",\"position\":1,\"name\":\"Portada\",\"item\":\"https:\\\/\\\/www.ferrogal.com\\\/blog\\\/\"},{\"@type\":\"ListItem\",\"position\":2,\"name\":\"Profesional\",\"item\":\"https:\\\/\\\/www.ferrogal.com\\\/blog\\\/category\\\/profesional\\\/\"},{\"@type\":\"ListItem\",\"position\":3,\"name\":\"Catalogo Profesional Oto\u00f1o 2012 de Comafe\"}]},{\"@type\":\"WebSite\",\"@id\":\"https:\\\/\\\/www.ferrogal.com\\\/blog\\\/#website\",\"url\":\"https:\\\/\\\/www.ferrogal.com\\\/blog\\\/\",\"name\":\"Ferreter\u00eda Ferrogal\",\"description\":\"Zamora 980 519 720 \\\/ 980 526 018\",\"publisher\":{\"@id\":\"https:\\\/\\\/www.ferrogal.com\\\/blog\\\/#organization\"},\"potentialAction\":[{\"@type\":\"SearchAction\",\"target\":{\"@type\":\"EntryPoint\",\"urlTemplate\":\"https:\\\/\\\/www.ferrogal.com\\\/blog\\\/?s={search_term_string}\"},\"query-input\":{\"@type\":\"PropertyValueSpecification\",\"valueRequired\":true,\"valueName\":\"search_term_string\"}}],\"inLanguage\":\"es\"},{\"@type\":\"Organization\",\"@id\":\"https:\\\/\\\/www.ferrogal.com\\\/blog\\\/#organization\",\"name\":\"Ferreter\u00edas Ferrogal\",\"url\":\"https:\\\/\\\/www.ferrogal.com\\\/blog\\\/\",\"logo\":{\"@type\":\"ImageObject\",\"inLanguage\":\"es\",\"@id\":\"https:\\\/\\\/www.ferrogal.com\\\/blog\\\/#\\\/schema\\\/logo\\\/image\\\/\",\"url\":\"https:\\\/\\\/www.ferrogal.com\\\/blog\\\/wp-content\\\/uploads\\\/2022\\\/05\\\/logo.png\",\"contentUrl\":\"https:\\\/\\\/www.ferrogal.com\\\/blog\\\/wp-content\\\/uploads\\\/2022\\\/05\\\/logo.png\",\"width\":250,\"height\":53,\"caption\":\"Ferreter\u00edas Ferrogal\"},\"image\":{\"@id\":\"https:\\\/\\\/www.ferrogal.com\\\/blog\\\/#\\\/schema\\\/logo\\\/image\\\/\"},\"sameAs\":[\"https:\\\/\\\/www.facebook.com\\\/FERROGAL\",\"https:\\\/\\\/x.com\\\/ferrogal\",\"https:\\\/\\\/www.youtube.com\\\/user\\\/jcpgalan?feature=CBIQwRs=\"]},{\"@type\":\"Person\",\"@id\":\"https:\\\/\\\/www.ferrogal.com\\\/blog\\\/#\\\/schema\\\/person\\\/743e4c8308fe1ee9b1cad155d7ad4e1d\",\"name\":\"Ferrogal - Ferreteria online\"}]}<\/script>\n<!-- \/ Yoast SEO plugin. -->","yoast_head_json":{"title":"Catalogo Profesional Oto\u00f1o 2012 de Comafe - Ferreter\u00eda Ferrogal","robots":{"index":"index","follow":"follow","max-snippet":"max-snippet:-1","max-image-preview":"max-image-preview:large","max-video-preview":"max-video-preview:-1"},"canonical":"https:\/\/www.ferrogal.com\/blog\/2012\/10\/08\/catalogo-profesional-otono-2012-de-comafe\/","og_locale":"es_ES","og_type":"article","og_title":"Catalogo Profesional Oto\u00f1o 2012 de Comafe - Ferreter\u00eda Ferrogal","og_description":"El d\u00eda 29 de septiembre se empez\u00f3 a distribuir entre todos los clientes de las ferreter\u00edas asociadas a Comafe el nuevo cat\u00e1logo orientado al p\u00fablico profesional de ferreter\u00eda, aunque cada vez m\u00e1s clientes que podemos denominar generalistas empiezan a demandar est\u00e1 l\u00ednea de productos de alta calidad y con precios muy ajustados. Como en otros [&hellip;]","og_url":"https:\/\/www.ferrogal.com\/blog\/2012\/10\/08\/catalogo-profesional-otono-2012-de-comafe\/","og_site_name":"Ferreter\u00eda Ferrogal","article_publisher":"https:\/\/www.facebook.com\/FERROGAL","article_published_time":"2012-10-08T09:18:18+00:00","article_modified_time":"2013-03-26T17:55:56+00:00","og_image":[{"width":1800,"height":1200,"url":"https:\/\/www.ferrogal.com\/blog\/wp-content\/uploads\/2012\/10\/04.jpg","type":"image\/jpeg"}],"author":"Ferrogal - Ferreteria online","twitter_card":"summary_large_image","twitter_creator":"@ferrogal","twitter_site":"@ferrogal","twitter_misc":{"Escrito por":"Ferrogal - Ferreteria online","Tiempo de lectura":"1 minuto"},"schema":{"@context":"https:\/\/schema.org","@graph":[{"@type":"Article","@id":"https:\/\/www.ferrogal.com\/blog\/2012\/10\/08\/catalogo-profesional-otono-2012-de-comafe\/#article","isPartOf":{"@id":"https:\/\/www.ferrogal.com\/blog\/2012\/10\/08\/catalogo-profesional-otono-2012-de-comafe\/"},"author":{"name":"Ferrogal - Ferreteria online","@id":"https:\/\/www.ferrogal.com\/blog\/#\/schema\/person\/743e4c8308fe1ee9b1cad155d7ad4e1d"},"headline":"Catalogo Profesional Oto\u00f1o 2012 de Comafe","datePublished":"2012-10-08T09:18:18+00:00","dateModified":"2013-03-26T17:55:56+00:00","mainEntityOfPage":{"@id":"https:\/\/www.ferrogal.com\/blog\/2012\/10\/08\/catalogo-profesional-otono-2012-de-comafe\/"},"wordCount":158,"commentCount":0,"publisher":{"@id":"https:\/\/www.ferrogal.com\/blog\/#organization"},"image":{"@id":"https:\/\/www.ferrogal.com\/blog\/2012\/10\/08\/catalogo-profesional-otono-2012-de-comafe\/#primaryimage"},"thumbnailUrl":"https:\/\/www.ferrogal.com\/blog\/wp-content\/uploads\/2012\/10\/04.jpg","articleSection":["Profesional"],"inLanguage":"es","potentialAction":[{"@type":"CommentAction","name":"Comment","target":["https:\/\/www.ferrogal.com\/blog\/2012\/10\/08\/catalogo-profesional-otono-2012-de-comafe\/#respond"]}]},{"@type":"WebPage","@id":"https:\/\/www.ferrogal.com\/blog\/2012\/10\/08\/catalogo-profesional-otono-2012-de-comafe\/","url":"https:\/\/www.ferrogal.com\/blog\/2012\/10\/08\/catalogo-profesional-otono-2012-de-comafe\/","name":"Catalogo Profesional Oto\u00f1o 2012 de Comafe - Ferreter\u00eda Ferrogal","isPartOf":{"@id":"https:\/\/www.ferrogal.com\/blog\/#website"},"primaryImageOfPage":{"@id":"https:\/\/www.ferrogal.com\/blog\/2012\/10\/08\/catalogo-profesional-otono-2012-de-comafe\/#primaryimage"},"image":{"@id":"https:\/\/www.ferrogal.com\/blog\/2012\/10\/08\/catalogo-profesional-otono-2012-de-comafe\/#primaryimage"},"thumbnailUrl":"https:\/\/www.ferrogal.com\/blog\/wp-content\/uploads\/2012\/10\/04.jpg","datePublished":"2012-10-08T09:18:18+00:00","dateModified":"2013-03-26T17:55:56+00:00","breadcrumb":{"@id":"https:\/\/www.ferrogal.com\/blog\/2012\/10\/08\/catalogo-profesional-otono-2012-de-comafe\/#breadcrumb"},"inLanguage":"es","potentialAction":[{"@type":"ReadAction","target":["https:\/\/www.ferrogal.com\/blog\/2012\/10\/08\/catalogo-profesional-otono-2012-de-comafe\/"]}]},{"@type":"ImageObject","inLanguage":"es","@id":"https:\/\/www.ferrogal.com\/blog\/2012\/10\/08\/catalogo-profesional-otono-2012-de-comafe\/#primaryimage","url":"https:\/\/www.ferrogal.com\/blog\/wp-content\/uploads\/2012\/10\/04.jpg","contentUrl":"https:\/\/www.ferrogal.com\/blog\/wp-content\/uploads\/2012\/10\/04.jpg","width":"1800","height":"1200"},{"@type":"BreadcrumbList","@id":"https:\/\/www.ferrogal.com\/blog\/2012\/10\/08\/catalogo-profesional-otono-2012-de-comafe\/#breadcrumb","itemListElement":[{"@type":"ListItem","position":1,"name":"Portada","item":"https:\/\/www.ferrogal.com\/blog\/"},{"@type":"ListItem","position":2,"name":"Profesional","item":"https:\/\/www.ferrogal.com\/blog\/category\/profesional\/"},{"@type":"ListItem","position":3,"name":"Catalogo Profesional Oto\u00f1o 2012 de Comafe"}]},{"@type":"WebSite","@id":"https:\/\/www.ferrogal.com\/blog\/#website","url":"https:\/\/www.ferrogal.com\/blog\/","name":"Ferreter\u00eda Ferrogal","description":"Zamora 980 519 720 \/ 980 526 018","publisher":{"@id":"https:\/\/www.ferrogal.com\/blog\/#organization"},"potentialAction":[{"@type":"SearchAction","target":{"@type":"EntryPoint","urlTemplate":"https:\/\/www.ferrogal.com\/blog\/?s={search_term_string}"},"query-input":{"@type":"PropertyValueSpecification","valueRequired":true,"valueName":"search_term_string"}}],"inLanguage":"es"},{"@type":"Organization","@id":"https:\/\/www.ferrogal.com\/blog\/#organization","name":"Ferreter\u00edas Ferrogal","url":"https:\/\/www.ferrogal.com\/blog\/","logo":{"@type":"ImageObject","inLanguage":"es","@id":"https:\/\/www.ferrogal.com\/blog\/#\/schema\/logo\/image\/","url":"https:\/\/www.ferrogal.com\/blog\/wp-content\/uploads\/2022\/05\/logo.png","contentUrl":"https:\/\/www.ferrogal.com\/blog\/wp-content\/uploads\/2022\/05\/logo.png","width":250,"height":53,"caption":"Ferreter\u00edas Ferrogal"},"image":{"@id":"https:\/\/www.ferrogal.com\/blog\/#\/schema\/logo\/image\/"},"sameAs":["https:\/\/www.facebook.com\/FERROGAL","https:\/\/x.com\/ferrogal","https:\/\/www.youtube.com\/user\/jcpgalan?feature=CBIQwRs="]},{"@type":"Person","@id":"https:\/\/www.ferrogal.com\/blog\/#\/schema\/person\/743e4c8308fe1ee9b1cad155d7ad4e1d","name":"Ferrogal - Ferreteria online"}]}},"_links":{"self":[{"href":"https:\/\/www.ferrogal.com\/blog\/wp-json\/wp\/v2\/posts\/4","targetHints":{"allow":["GET"]}}],"collection":[{"href":"https:\/\/www.ferrogal.com\/blog\/wp-json\/wp\/v2\/posts"}],"about":[{"href":"https:\/\/www.ferrogal.com\/blog\/wp-json\/wp\/v2\/types\/post"}],"author":[{"embeddable":true,"href":"https:\/\/www.ferrogal.com\/blog\/wp-json\/wp\/v2\/users\/1"}],"replies":[{"embeddable":true,"href":"https:\/\/www.ferrogal.com\/blog\/wp-json\/wp\/v2\/comments?post=4"}],"version-history":[{"count":0,"href":"https:\/\/www.ferrogal.com\/blog\/wp-json\/wp\/v2\/posts\/4\/revisions"}],"wp:featuredmedia":[{"embeddable":true,"href":"https:\/\/www.ferrogal.com\/blog\/wp-json\/wp\/v2\/media\/16"}],"wp:attachment":[{"href":"https:\/\/www.ferrogal.com\/blog\/wp-json\/wp\/v2\/media?parent=4"}],"wp:term":[{"taxonomy":"category","embeddable":true,"href":"https:\/\/www.ferrogal.com\/blog\/wp-json\/wp\/v2\/categories?post=4"},{"taxonomy":"post_tag","embeddable":true,"href":"https:\/\/www.ferrogal.com\/blog\/wp-json\/wp\/v2\/tags?post=4"}],"curies":[{"name":"wp","href":"https:\/\/api.w.org\/{rel}","templated":true}]}}