{"id":399,"date":"2014-01-15T10:48:53","date_gmt":"2014-01-15T08:48:53","guid":{"rendered":"http:\/\/www.ferrogal.com\/blog\/?p=399"},"modified":"2014-01-15T10:48:53","modified_gmt":"2014-01-15T08:48:53","slug":"la-pequena-historia-de-la-cafetera-italiana","status":"publish","type":"post","link":"https:\/\/www.ferrogal.com\/blog\/2014\/01\/15\/la-pequena-historia-de-la-cafetera-italiana\/","title":{"rendered":"La Peque\u00f1a Historia de la Cafetera Italiana"},"content":{"rendered":"<p>En 1933 el italiano Alfonso Bialetti invento una cafetera capaz de producir un aut\u00e9ntico caf\u00e9 expreso en casa. El dise\u00f1o de esta cafetera fabricada en aluminio se compone de tres partes, una caldera inferior de forma octogonal donde se deposita el agua, un filtro donde va el caf\u00e9 y la tercera que se enrosca en la inferior y es donde va a parar el caf\u00e9 para ser servido.<\/p>\n<p><a href=\"http:\/\/www.ferrogal.com\/blog\/wp-content\/uploads\/2014\/01\/Cafetera21.jpg\"><img fetchpriority=\"high\" decoding=\"async\" class=\"aligncenter size-medium wp-image-401\" title=\"Cafetera2\" src=\"http:\/\/www.ferrogal.com\/blog\/wp-content\/uploads\/2014\/01\/Cafetera21-225x300.jpg\" alt=\"\" width=\"225\" height=\"300\" srcset=\"https:\/\/www.ferrogal.com\/blog\/wp-content\/uploads\/2014\/01\/Cafetera21-225x300.jpg 225w, https:\/\/www.ferrogal.com\/blog\/wp-content\/uploads\/2014\/01\/Cafetera21.jpg 720w\" sizes=\"(max-width: 225px) 100vw, 225px\" \/><\/a><\/p>\n<p>La decisi\u00f3n de usar el aluminio como material para la fabricaci\u00f3n de la cafetera fue lo que le brindo a esta el \u00e9xito alcanzado, ya que este material se oxida ligeramente al contacto con el caf\u00e9, lo que hace que le de el sabor al que todos estamos acostumbrados.<\/p>\n<p>En un primer momento la producci\u00f3n fue relativamente reducida y fue a partir del a\u00f1o 1945 cuando el hijo del inventor comienza a fabricar la cafetera a gran escala alcanzando en la actualidad cifras superiores a los 250 millones de unidades vendidas.<\/p>\n<p>Despues de la historia algo pr\u00e1ctico:<\/p>\n<p><a href=\"http:\/\/www.ferrogal.com\/blog\/wp-content\/uploads\/2014\/01\/Cafetera3.jpg\"><img decoding=\"async\" class=\"aligncenter size-medium wp-image-403\" title=\"Cafetera3\" src=\"http:\/\/www.ferrogal.com\/blog\/wp-content\/uploads\/2014\/01\/Cafetera3-225x300.jpg\" alt=\"\" width=\"225\" height=\"300\" srcset=\"https:\/\/www.ferrogal.com\/blog\/wp-content\/uploads\/2014\/01\/Cafetera3-225x300.jpg 225w, https:\/\/www.ferrogal.com\/blog\/wp-content\/uploads\/2014\/01\/Cafetera3.jpg 720w\" sizes=\"(max-width: 225px) 100vw, 225px\" \/><\/a><\/p>\n<p><span style=\"font-size: 13px; line-height: 19px;\">Si ten\u00e9is la cafetera Moka Express os recomiendo lavarla en el grifo sin usar ning\u00fan tipo de jab\u00f3n, s\u00f3lo al chorro, y por supuesto nunca la met\u00e1is en el lavaplatos, el aluminio se oscurece debido al efecto del abrillantador.<\/span><\/p>\n<p>&nbsp;<\/p>\n","protected":false},"excerpt":{"rendered":"<p>En 1933 el italiano Alfonso Bialetti invento una cafetera capaz de producir un aut\u00e9ntico caf\u00e9 expreso en casa. El dise\u00f1o de esta cafetera fabricada en aluminio se compone de tres partes, una caldera inferior de forma octogonal donde se deposita el agua, un filtro donde va el caf\u00e9 y la tercera que se enrosca en [&hellip;]<\/p>\n","protected":false},"author":1,"featured_media":401,"comment_status":"open","ping_status":"open","sticky":false,"template":"","format":"standard","meta":{"footnotes":""},"categories":[7],"tags":[],"class_list":["post-399","post","type-post","status-publish","format-standard","has-post-thumbnail","hentry","category-hogar"],"yoast_head":"<!-- This site is optimized with the Yoast SEO plugin v27.4 - https:\/\/yoast.com\/product\/yoast-seo-wordpress\/ -->\n<title>La Peque\u00f1a Historia de la Cafetera Italiana  - Ferreter\u00eda Ferrogal<\/title>\n<meta name=\"robots\" content=\"index, follow, max-snippet:-1, max-image-preview:large, max-video-preview:-1\" \/>\n<link rel=\"canonical\" href=\"https:\/\/www.ferrogal.com\/blog\/2014\/01\/15\/la-pequena-historia-de-la-cafetera-italiana\/\" \/>\n<meta property=\"og:locale\" content=\"es_ES\" \/>\n<meta property=\"og:type\" content=\"article\" \/>\n<meta property=\"og:title\" content=\"La Peque\u00f1a Historia de la Cafetera Italiana  - Ferreter\u00eda Ferrogal\" \/>\n<meta property=\"og:description\" content=\"En 1933 el italiano Alfonso Bialetti invento una cafetera capaz de producir un aut\u00e9ntico caf\u00e9 expreso en casa. El dise\u00f1o de esta cafetera fabricada en aluminio se compone de tres partes, una caldera inferior de forma octogonal donde se deposita el agua, un filtro donde va el caf\u00e9 y la tercera que se enrosca en [&hellip;]\" \/>\n<meta property=\"og:url\" content=\"https:\/\/www.ferrogal.com\/blog\/2014\/01\/15\/la-pequena-historia-de-la-cafetera-italiana\/\" \/>\n<meta property=\"og:site_name\" content=\"Ferreter\u00eda Ferrogal\" \/>\n<meta property=\"article:publisher\" content=\"https:\/\/www.facebook.com\/FERROGAL\" \/>\n<meta property=\"article:published_time\" content=\"2014-01-15T08:48:53+00:00\" \/>\n<meta property=\"og:image\" content=\"https:\/\/www.ferrogal.com\/blog\/wp-content\/uploads\/2014\/01\/Cafetera21.jpg\" \/>\n\t<meta property=\"og:image:width\" content=\"720\" \/>\n\t<meta property=\"og:image:height\" content=\"960\" \/>\n\t<meta property=\"og:image:type\" content=\"image\/jpeg\" \/>\n<meta name=\"author\" content=\"Ferrogal - Ferreteria online\" \/>\n<meta name=\"twitter:card\" content=\"summary_large_image\" \/>\n<meta name=\"twitter:creator\" content=\"@ferrogal\" \/>\n<meta name=\"twitter:site\" content=\"@ferrogal\" \/>\n<meta name=\"twitter:label1\" content=\"Escrito por\" \/>\n\t<meta name=\"twitter:data1\" content=\"Ferrogal - Ferreteria online\" \/>\n\t<meta name=\"twitter:label2\" content=\"Tiempo de lectura\" \/>\n\t<meta name=\"twitter:data2\" content=\"1 minuto\" \/>\n<script type=\"application\/ld+json\" class=\"yoast-schema-graph\">{\"@context\":\"https:\\\/\\\/schema.org\",\"@graph\":[{\"@type\":\"Article\",\"@id\":\"https:\\\/\\\/www.ferrogal.com\\\/blog\\\/2014\\\/01\\\/15\\\/la-pequena-historia-de-la-cafetera-italiana\\\/#article\",\"isPartOf\":{\"@id\":\"https:\\\/\\\/www.ferrogal.com\\\/blog\\\/2014\\\/01\\\/15\\\/la-pequena-historia-de-la-cafetera-italiana\\\/\"},\"author\":{\"name\":\"Ferrogal - Ferreteria online\",\"@id\":\"https:\\\/\\\/www.ferrogal.com\\\/blog\\\/#\\\/schema\\\/person\\\/743e4c8308fe1ee9b1cad155d7ad4e1d\"},\"headline\":\"La Peque\u00f1a Historia de la Cafetera Italiana\",\"datePublished\":\"2014-01-15T08:48:53+00:00\",\"mainEntityOfPage\":{\"@id\":\"https:\\\/\\\/www.ferrogal.com\\\/blog\\\/2014\\\/01\\\/15\\\/la-pequena-historia-de-la-cafetera-italiana\\\/\"},\"wordCount\":222,\"commentCount\":0,\"publisher\":{\"@id\":\"https:\\\/\\\/www.ferrogal.com\\\/blog\\\/#organization\"},\"image\":{\"@id\":\"https:\\\/\\\/www.ferrogal.com\\\/blog\\\/2014\\\/01\\\/15\\\/la-pequena-historia-de-la-cafetera-italiana\\\/#primaryimage\"},\"thumbnailUrl\":\"https:\\\/\\\/www.ferrogal.com\\\/blog\\\/wp-content\\\/uploads\\\/2014\\\/01\\\/Cafetera21.jpg\",\"articleSection\":[\"Hogar\"],\"inLanguage\":\"es\",\"potentialAction\":[{\"@type\":\"CommentAction\",\"name\":\"Comment\",\"target\":[\"https:\\\/\\\/www.ferrogal.com\\\/blog\\\/2014\\\/01\\\/15\\\/la-pequena-historia-de-la-cafetera-italiana\\\/#respond\"]}]},{\"@type\":\"WebPage\",\"@id\":\"https:\\\/\\\/www.ferrogal.com\\\/blog\\\/2014\\\/01\\\/15\\\/la-pequena-historia-de-la-cafetera-italiana\\\/\",\"url\":\"https:\\\/\\\/www.ferrogal.com\\\/blog\\\/2014\\\/01\\\/15\\\/la-pequena-historia-de-la-cafetera-italiana\\\/\",\"name\":\"La Peque\u00f1a Historia de la Cafetera Italiana - Ferreter\u00eda Ferrogal\",\"isPartOf\":{\"@id\":\"https:\\\/\\\/www.ferrogal.com\\\/blog\\\/#website\"},\"primaryImageOfPage\":{\"@id\":\"https:\\\/\\\/www.ferrogal.com\\\/blog\\\/2014\\\/01\\\/15\\\/la-pequena-historia-de-la-cafetera-italiana\\\/#primaryimage\"},\"image\":{\"@id\":\"https:\\\/\\\/www.ferrogal.com\\\/blog\\\/2014\\\/01\\\/15\\\/la-pequena-historia-de-la-cafetera-italiana\\\/#primaryimage\"},\"thumbnailUrl\":\"https:\\\/\\\/www.ferrogal.com\\\/blog\\\/wp-content\\\/uploads\\\/2014\\\/01\\\/Cafetera21.jpg\",\"datePublished\":\"2014-01-15T08:48:53+00:00\",\"breadcrumb\":{\"@id\":\"https:\\\/\\\/www.ferrogal.com\\\/blog\\\/2014\\\/01\\\/15\\\/la-pequena-historia-de-la-cafetera-italiana\\\/#breadcrumb\"},\"inLanguage\":\"es\",\"potentialAction\":[{\"@type\":\"ReadAction\",\"target\":[\"https:\\\/\\\/www.ferrogal.com\\\/blog\\\/2014\\\/01\\\/15\\\/la-pequena-historia-de-la-cafetera-italiana\\\/\"]}]},{\"@type\":\"ImageObject\",\"inLanguage\":\"es\",\"@id\":\"https:\\\/\\\/www.ferrogal.com\\\/blog\\\/2014\\\/01\\\/15\\\/la-pequena-historia-de-la-cafetera-italiana\\\/#primaryimage\",\"url\":\"https:\\\/\\\/www.ferrogal.com\\\/blog\\\/wp-content\\\/uploads\\\/2014\\\/01\\\/Cafetera21.jpg\",\"contentUrl\":\"https:\\\/\\\/www.ferrogal.com\\\/blog\\\/wp-content\\\/uploads\\\/2014\\\/01\\\/Cafetera21.jpg\",\"width\":\"720\",\"height\":\"960\"},{\"@type\":\"BreadcrumbList\",\"@id\":\"https:\\\/\\\/www.ferrogal.com\\\/blog\\\/2014\\\/01\\\/15\\\/la-pequena-historia-de-la-cafetera-italiana\\\/#breadcrumb\",\"itemListElement\":[{\"@type\":\"ListItem\",\"position\":1,\"name\":\"Portada\",\"item\":\"https:\\\/\\\/www.ferrogal.com\\\/blog\\\/\"},{\"@type\":\"ListItem\",\"position\":2,\"name\":\"Hogar\",\"item\":\"https:\\\/\\\/www.ferrogal.com\\\/blog\\\/category\\\/hogar\\\/\"},{\"@type\":\"ListItem\",\"position\":3,\"name\":\"La Peque\u00f1a Historia de la Cafetera Italiana\"}]},{\"@type\":\"WebSite\",\"@id\":\"https:\\\/\\\/www.ferrogal.com\\\/blog\\\/#website\",\"url\":\"https:\\\/\\\/www.ferrogal.com\\\/blog\\\/\",\"name\":\"Ferreter\u00eda Ferrogal\",\"description\":\"Zamora 980 519 720 \\\/ 980 526 018\",\"publisher\":{\"@id\":\"https:\\\/\\\/www.ferrogal.com\\\/blog\\\/#organization\"},\"potentialAction\":[{\"@type\":\"SearchAction\",\"target\":{\"@type\":\"EntryPoint\",\"urlTemplate\":\"https:\\\/\\\/www.ferrogal.com\\\/blog\\\/?s={search_term_string}\"},\"query-input\":{\"@type\":\"PropertyValueSpecification\",\"valueRequired\":true,\"valueName\":\"search_term_string\"}}],\"inLanguage\":\"es\"},{\"@type\":\"Organization\",\"@id\":\"https:\\\/\\\/www.ferrogal.com\\\/blog\\\/#organization\",\"name\":\"Ferreter\u00edas Ferrogal\",\"url\":\"https:\\\/\\\/www.ferrogal.com\\\/blog\\\/\",\"logo\":{\"@type\":\"ImageObject\",\"inLanguage\":\"es\",\"@id\":\"https:\\\/\\\/www.ferrogal.com\\\/blog\\\/#\\\/schema\\\/logo\\\/image\\\/\",\"url\":\"https:\\\/\\\/www.ferrogal.com\\\/blog\\\/wp-content\\\/uploads\\\/2022\\\/05\\\/logo.png\",\"contentUrl\":\"https:\\\/\\\/www.ferrogal.com\\\/blog\\\/wp-content\\\/uploads\\\/2022\\\/05\\\/logo.png\",\"width\":250,\"height\":53,\"caption\":\"Ferreter\u00edas Ferrogal\"},\"image\":{\"@id\":\"https:\\\/\\\/www.ferrogal.com\\\/blog\\\/#\\\/schema\\\/logo\\\/image\\\/\"},\"sameAs\":[\"https:\\\/\\\/www.facebook.com\\\/FERROGAL\",\"https:\\\/\\\/x.com\\\/ferrogal\",\"https:\\\/\\\/www.youtube.com\\\/user\\\/jcpgalan?feature=CBIQwRs=\"]},{\"@type\":\"Person\",\"@id\":\"https:\\\/\\\/www.ferrogal.com\\\/blog\\\/#\\\/schema\\\/person\\\/743e4c8308fe1ee9b1cad155d7ad4e1d\",\"name\":\"Ferrogal - Ferreteria online\"}]}<\/script>\n<!-- \/ Yoast SEO plugin. -->","yoast_head_json":{"title":"La Peque\u00f1a Historia de la Cafetera Italiana  - Ferreter\u00eda Ferrogal","robots":{"index":"index","follow":"follow","max-snippet":"max-snippet:-1","max-image-preview":"max-image-preview:large","max-video-preview":"max-video-preview:-1"},"canonical":"https:\/\/www.ferrogal.com\/blog\/2014\/01\/15\/la-pequena-historia-de-la-cafetera-italiana\/","og_locale":"es_ES","og_type":"article","og_title":"La Peque\u00f1a Historia de la Cafetera Italiana  - Ferreter\u00eda Ferrogal","og_description":"En 1933 el italiano Alfonso Bialetti invento una cafetera capaz de producir un aut\u00e9ntico caf\u00e9 expreso en casa. El dise\u00f1o de esta cafetera fabricada en aluminio se compone de tres partes, una caldera inferior de forma octogonal donde se deposita el agua, un filtro donde va el caf\u00e9 y la tercera que se enrosca en [&hellip;]","og_url":"https:\/\/www.ferrogal.com\/blog\/2014\/01\/15\/la-pequena-historia-de-la-cafetera-italiana\/","og_site_name":"Ferreter\u00eda Ferrogal","article_publisher":"https:\/\/www.facebook.com\/FERROGAL","article_published_time":"2014-01-15T08:48:53+00:00","og_image":[{"width":720,"height":960,"url":"https:\/\/www.ferrogal.com\/blog\/wp-content\/uploads\/2014\/01\/Cafetera21.jpg","type":"image\/jpeg"}],"author":"Ferrogal - Ferreteria online","twitter_card":"summary_large_image","twitter_creator":"@ferrogal","twitter_site":"@ferrogal","twitter_misc":{"Escrito por":"Ferrogal - Ferreteria online","Tiempo de lectura":"1 minuto"},"schema":{"@context":"https:\/\/schema.org","@graph":[{"@type":"Article","@id":"https:\/\/www.ferrogal.com\/blog\/2014\/01\/15\/la-pequena-historia-de-la-cafetera-italiana\/#article","isPartOf":{"@id":"https:\/\/www.ferrogal.com\/blog\/2014\/01\/15\/la-pequena-historia-de-la-cafetera-italiana\/"},"author":{"name":"Ferrogal - Ferreteria online","@id":"https:\/\/www.ferrogal.com\/blog\/#\/schema\/person\/743e4c8308fe1ee9b1cad155d7ad4e1d"},"headline":"La Peque\u00f1a Historia de la Cafetera Italiana","datePublished":"2014-01-15T08:48:53+00:00","mainEntityOfPage":{"@id":"https:\/\/www.ferrogal.com\/blog\/2014\/01\/15\/la-pequena-historia-de-la-cafetera-italiana\/"},"wordCount":222,"commentCount":0,"publisher":{"@id":"https:\/\/www.ferrogal.com\/blog\/#organization"},"image":{"@id":"https:\/\/www.ferrogal.com\/blog\/2014\/01\/15\/la-pequena-historia-de-la-cafetera-italiana\/#primaryimage"},"thumbnailUrl":"https:\/\/www.ferrogal.com\/blog\/wp-content\/uploads\/2014\/01\/Cafetera21.jpg","articleSection":["Hogar"],"inLanguage":"es","potentialAction":[{"@type":"CommentAction","name":"Comment","target":["https:\/\/www.ferrogal.com\/blog\/2014\/01\/15\/la-pequena-historia-de-la-cafetera-italiana\/#respond"]}]},{"@type":"WebPage","@id":"https:\/\/www.ferrogal.com\/blog\/2014\/01\/15\/la-pequena-historia-de-la-cafetera-italiana\/","url":"https:\/\/www.ferrogal.com\/blog\/2014\/01\/15\/la-pequena-historia-de-la-cafetera-italiana\/","name":"La Peque\u00f1a Historia de la Cafetera Italiana - Ferreter\u00eda Ferrogal","isPartOf":{"@id":"https:\/\/www.ferrogal.com\/blog\/#website"},"primaryImageOfPage":{"@id":"https:\/\/www.ferrogal.com\/blog\/2014\/01\/15\/la-pequena-historia-de-la-cafetera-italiana\/#primaryimage"},"image":{"@id":"https:\/\/www.ferrogal.com\/blog\/2014\/01\/15\/la-pequena-historia-de-la-cafetera-italiana\/#primaryimage"},"thumbnailUrl":"https:\/\/www.ferrogal.com\/blog\/wp-content\/uploads\/2014\/01\/Cafetera21.jpg","datePublished":"2014-01-15T08:48:53+00:00","breadcrumb":{"@id":"https:\/\/www.ferrogal.com\/blog\/2014\/01\/15\/la-pequena-historia-de-la-cafetera-italiana\/#breadcrumb"},"inLanguage":"es","potentialAction":[{"@type":"ReadAction","target":["https:\/\/www.ferrogal.com\/blog\/2014\/01\/15\/la-pequena-historia-de-la-cafetera-italiana\/"]}]},{"@type":"ImageObject","inLanguage":"es","@id":"https:\/\/www.ferrogal.com\/blog\/2014\/01\/15\/la-pequena-historia-de-la-cafetera-italiana\/#primaryimage","url":"https:\/\/www.ferrogal.com\/blog\/wp-content\/uploads\/2014\/01\/Cafetera21.jpg","contentUrl":"https:\/\/www.ferrogal.com\/blog\/wp-content\/uploads\/2014\/01\/Cafetera21.jpg","width":"720","height":"960"},{"@type":"BreadcrumbList","@id":"https:\/\/www.ferrogal.com\/blog\/2014\/01\/15\/la-pequena-historia-de-la-cafetera-italiana\/#breadcrumb","itemListElement":[{"@type":"ListItem","position":1,"name":"Portada","item":"https:\/\/www.ferrogal.com\/blog\/"},{"@type":"ListItem","position":2,"name":"Hogar","item":"https:\/\/www.ferrogal.com\/blog\/category\/hogar\/"},{"@type":"ListItem","position":3,"name":"La Peque\u00f1a Historia de la Cafetera Italiana"}]},{"@type":"WebSite","@id":"https:\/\/www.ferrogal.com\/blog\/#website","url":"https:\/\/www.ferrogal.com\/blog\/","name":"Ferreter\u00eda Ferrogal","description":"Zamora 980 519 720 \/ 980 526 018","publisher":{"@id":"https:\/\/www.ferrogal.com\/blog\/#organization"},"potentialAction":[{"@type":"SearchAction","target":{"@type":"EntryPoint","urlTemplate":"https:\/\/www.ferrogal.com\/blog\/?s={search_term_string}"},"query-input":{"@type":"PropertyValueSpecification","valueRequired":true,"valueName":"search_term_string"}}],"inLanguage":"es"},{"@type":"Organization","@id":"https:\/\/www.ferrogal.com\/blog\/#organization","name":"Ferreter\u00edas Ferrogal","url":"https:\/\/www.ferrogal.com\/blog\/","logo":{"@type":"ImageObject","inLanguage":"es","@id":"https:\/\/www.ferrogal.com\/blog\/#\/schema\/logo\/image\/","url":"https:\/\/www.ferrogal.com\/blog\/wp-content\/uploads\/2022\/05\/logo.png","contentUrl":"https:\/\/www.ferrogal.com\/blog\/wp-content\/uploads\/2022\/05\/logo.png","width":250,"height":53,"caption":"Ferreter\u00edas Ferrogal"},"image":{"@id":"https:\/\/www.ferrogal.com\/blog\/#\/schema\/logo\/image\/"},"sameAs":["https:\/\/www.facebook.com\/FERROGAL","https:\/\/x.com\/ferrogal","https:\/\/www.youtube.com\/user\/jcpgalan?feature=CBIQwRs="]},{"@type":"Person","@id":"https:\/\/www.ferrogal.com\/blog\/#\/schema\/person\/743e4c8308fe1ee9b1cad155d7ad4e1d","name":"Ferrogal - Ferreteria online"}]}},"_links":{"self":[{"href":"https:\/\/www.ferrogal.com\/blog\/wp-json\/wp\/v2\/posts\/399","targetHints":{"allow":["GET"]}}],"collection":[{"href":"https:\/\/www.ferrogal.com\/blog\/wp-json\/wp\/v2\/posts"}],"about":[{"href":"https:\/\/www.ferrogal.com\/blog\/wp-json\/wp\/v2\/types\/post"}],"author":[{"embeddable":true,"href":"https:\/\/www.ferrogal.com\/blog\/wp-json\/wp\/v2\/users\/1"}],"replies":[{"embeddable":true,"href":"https:\/\/www.ferrogal.com\/blog\/wp-json\/wp\/v2\/comments?post=399"}],"version-history":[{"count":0,"href":"https:\/\/www.ferrogal.com\/blog\/wp-json\/wp\/v2\/posts\/399\/revisions"}],"wp:featuredmedia":[{"embeddable":true,"href":"https:\/\/www.ferrogal.com\/blog\/wp-json\/wp\/v2\/media\/401"}],"wp:attachment":[{"href":"https:\/\/www.ferrogal.com\/blog\/wp-json\/wp\/v2\/media?parent=399"}],"wp:term":[{"taxonomy":"category","embeddable":true,"href":"https:\/\/www.ferrogal.com\/blog\/wp-json\/wp\/v2\/categories?post=399"},{"taxonomy":"post_tag","embeddable":true,"href":"https:\/\/www.ferrogal.com\/blog\/wp-json\/wp\/v2\/tags?post=399"}],"curies":[{"name":"wp","href":"https:\/\/api.w.org\/{rel}","templated":true}]}}