{"id":335,"date":"2013-10-16T10:23:27","date_gmt":"2013-10-16T08:23:27","guid":{"rendered":"http:\/\/www.ferrogal.com\/blog\/?p=335"},"modified":"2013-10-16T10:23:27","modified_gmt":"2013-10-16T08:23:27","slug":"una-pequenas-notas-sobre-el-uso-del-casco","status":"publish","type":"post","link":"https:\/\/www.ferrogal.com\/blog\/2013\/10\/16\/una-pequenas-notas-sobre-el-uso-del-casco\/","title":{"rendered":"Una peque\u00f1as notas sobre el uso del casco"},"content":{"rendered":"<ul>\n<li><span style=\"font-size: 13px; line-height: 19px;\"><span style=\"color: #000000;\">Funciones del <a href=\"http:\/\/www.ferrogal.com\/articulo\/casco-jumbo-rueda-blanco-2311199_3684.html\">casco<\/a>:\u00a0<\/span><\/span><span style=\"font-size: 13px; line-height: 19px;\">Evita la penetraci\u00f3n de objetos en el cr\u00e1neo.\u00a0<\/span><span style=\"font-size: 13px; line-height: 19px;\">Amortigua los golpes gracias a la c\u00e1scara y al arn\u00e9s.\u00a0<\/span><span style=\"font-size: 13px; line-height: 19px;\">Desv\u00eda la ca\u00edda perpendicular de objetos<\/span><\/li>\n<\/ul>\n<ul>\n<li><span style=\"color: #000000;\">Elementos del casco:\u00a0<\/span><span style=\"font-size: 13px; line-height: 19px;\">La c\u00e1scara es la parte visible del casco, se fabrican en diferentes colores aunque es preferible usar\u00a0 colores claros para reverberar los rayos del sol. En la parte interior de la visera debe figurar la norma, la fecha de fabricaci\u00f3n y la marca CE<\/span><\/li>\n<\/ul>\n<p><a href=\"http:\/\/www.ferrogal.com\/blog\/wp-content\/uploads\/2013\/10\/CASCO2.jpg\"><img fetchpriority=\"high\" decoding=\"async\" class=\"aligncenter size-medium wp-image-336\" title=\"CASCO2\" src=\"http:\/\/www.ferrogal.com\/blog\/wp-content\/uploads\/2013\/10\/CASCO2-300x225.jpg\" alt=\"\" width=\"300\" height=\"225\" srcset=\"https:\/\/www.ferrogal.com\/blog\/wp-content\/uploads\/2013\/10\/CASCO2-300x225.jpg 300w, https:\/\/www.ferrogal.com\/blog\/wp-content\/uploads\/2013\/10\/CASCO2-1024x768.jpg 1024w, https:\/\/www.ferrogal.com\/blog\/wp-content\/uploads\/2013\/10\/CASCO2-80x60.jpg 80w\" sizes=\"(max-width: 300px) 100vw, 300px\" \/><\/a><\/p>\n<p><span style=\"font-size: 13px; line-height: 19px;\">El arn\u00e9s, su principal funci\u00f3n es la de amortiguar los golpes, los de mayor calidad mejoran el confort en el uso del casco.<\/span><\/p>\n<p><a href=\"http:\/\/www.ferrogal.com\/blog\/wp-content\/uploads\/2013\/10\/CASCO3.jpg\"><img decoding=\"async\" class=\"aligncenter size-medium wp-image-337\" title=\"CASCO3\" src=\"http:\/\/www.ferrogal.com\/blog\/wp-content\/uploads\/2013\/10\/CASCO3-300x225.jpg\" alt=\"\" width=\"300\" height=\"225\" srcset=\"https:\/\/www.ferrogal.com\/blog\/wp-content\/uploads\/2013\/10\/CASCO3-300x225.jpg 300w, https:\/\/www.ferrogal.com\/blog\/wp-content\/uploads\/2013\/10\/CASCO3-1024x768.jpg 1024w, https:\/\/www.ferrogal.com\/blog\/wp-content\/uploads\/2013\/10\/CASCO3-80x60.jpg 80w\" sizes=\"(max-width: 300px) 100vw, 300px\" \/><\/a><\/p>\n<p>El atalaje y \u00a0la cincha, e<div id='gallery-1' class='gallery galleryid-335 gallery-columns-3 gallery-size-thumbnail'><figure class='gallery-item'>\n\t\t\t<div class='gallery-icon landscape'>\n\t\t\t\t<a href='https:\/\/www.ferrogal.com\/blog\/2013\/10\/16\/una-pequenas-notas-sobre-el-uso-del-casco\/casco2\/'><img decoding=\"async\" title=\"CASCO2\"  width=\"150\" height=\"150\" src=\"https:\/\/www.ferrogal.com\/blog\/wp-content\/uploads\/2013\/10\/CASCO2-150x150.jpg\" class=\"attachment-thumbnail size-thumbnail\" alt=\"\" \/><\/a>\n\t\t\t<\/div><\/figure><figure class='gallery-item'>\n\t\t\t<div class='gallery-icon landscape'>\n\t\t\t\t<a href='https:\/\/www.ferrogal.com\/blog\/2013\/10\/16\/una-pequenas-notas-sobre-el-uso-del-casco\/casco3\/'><img loading=\"lazy\" decoding=\"async\" title=\"CASCO3\"  width=\"150\" height=\"150\" src=\"https:\/\/www.ferrogal.com\/blog\/wp-content\/uploads\/2013\/10\/CASCO3-150x150.jpg\" class=\"attachment-thumbnail size-thumbnail\" alt=\"\" \/><\/a>\n\t\t\t<\/div><\/figure><figure class='gallery-item'>\n\t\t\t<div class='gallery-icon landscape'>\n\t\t\t\t<a href='https:\/\/www.ferrogal.com\/blog\/2013\/10\/16\/una-pequenas-notas-sobre-el-uso-del-casco\/nm-521d7692b2c2e\/'><img loading=\"lazy\" decoding=\"async\" title=\"nm-521d7692b2c2e\"  width=\"150\" height=\"150\" src=\"https:\/\/www.ferrogal.com\/blog\/wp-content\/uploads\/2013\/10\/nm-521d7692b2c2e-150x150.jpg\" class=\"attachment-thumbnail size-thumbnail\" alt=\"\" \/><\/a>\n\t\t\t<\/div><\/figure>\n\t\t<\/div>\n<\/p>\n<p>vitan que la c\u00e1scara frote el cr\u00e1neo<\/p>\n<ul>\n<li><span style=\"color: #000000;\">Mantenimiento y durabilidad del casco<\/span><\/li>\n<\/ul>\n<p>El mantenimiento debe hacerse regularmente y tener en cuenta que despu\u00e9s de un golpe fuerte, si est\u00e1 expuesto al sol mucho tiempo, en condiciones extremas de frio, si est\u00e1 en contacto con productos qu\u00edmicos o por mal uso es recomendable cambiarlo regularmente, en caso contrar\u00edo un casco nos debe duran entre 2 y 3 a\u00f1os.<\/p>\n","protected":false},"excerpt":{"rendered":"<p>Funciones del casco:\u00a0Evita la penetraci\u00f3n de objetos en el cr\u00e1neo.\u00a0Amortigua los golpes gracias a la c\u00e1scara y al arn\u00e9s.\u00a0Desv\u00eda la ca\u00edda perpendicular de objetos Elementos del casco:\u00a0La c\u00e1scara es la parte visible del casco, se fabrican en diferentes colores aunque es preferible usar\u00a0 colores claros para reverberar los rayos del sol. En la parte interior [&hellip;]<\/p>\n","protected":false},"author":1,"featured_media":341,"comment_status":"open","ping_status":"open","sticky":false,"template":"","format":"standard","meta":{"footnotes":""},"categories":[3],"tags":[],"class_list":["post-335","post","type-post","status-publish","format-standard","has-post-thumbnail","hentry","category-profesional"],"yoast_head":"<!-- This site is optimized with the Yoast SEO plugin v27.4 - https:\/\/yoast.com\/product\/yoast-seo-wordpress\/ -->\n<title>Una peque\u00f1as notas sobre el uso del casco - Ferreter\u00eda Ferrogal<\/title>\n<meta name=\"robots\" content=\"index, follow, max-snippet:-1, max-image-preview:large, max-video-preview:-1\" \/>\n<link rel=\"canonical\" href=\"https:\/\/www.ferrogal.com\/blog\/2013\/10\/16\/una-pequenas-notas-sobre-el-uso-del-casco\/\" \/>\n<meta property=\"og:locale\" content=\"es_ES\" \/>\n<meta property=\"og:type\" content=\"article\" \/>\n<meta property=\"og:title\" content=\"Una peque\u00f1as notas sobre el uso del casco - Ferreter\u00eda Ferrogal\" \/>\n<meta property=\"og:description\" content=\"Funciones del casco:\u00a0Evita la penetraci\u00f3n de objetos en el cr\u00e1neo.\u00a0Amortigua los golpes gracias a la c\u00e1scara y al arn\u00e9s.\u00a0Desv\u00eda la ca\u00edda perpendicular de objetos Elementos del casco:\u00a0La c\u00e1scara es la parte visible del casco, se fabrican en diferentes colores aunque es preferible usar\u00a0 colores claros para reverberar los rayos del sol. En la parte interior [&hellip;]\" \/>\n<meta property=\"og:url\" content=\"https:\/\/www.ferrogal.com\/blog\/2013\/10\/16\/una-pequenas-notas-sobre-el-uso-del-casco\/\" \/>\n<meta property=\"og:site_name\" content=\"Ferreter\u00eda Ferrogal\" \/>\n<meta property=\"article:publisher\" content=\"https:\/\/www.facebook.com\/FERROGAL\" \/>\n<meta property=\"article:published_time\" content=\"2013-10-16T08:23:27+00:00\" \/>\n<meta property=\"og:image\" content=\"https:\/\/www.ferrogal.com\/blog\/wp-content\/uploads\/2013\/10\/nm-521d7692b2c2e.jpg\" \/>\n\t<meta property=\"og:image:width\" content=\"350\" \/>\n\t<meta property=\"og:image:height\" content=\"228\" \/>\n\t<meta property=\"og:image:type\" content=\"image\/jpeg\" \/>\n<meta name=\"author\" content=\"Ferrogal - Ferreteria online\" \/>\n<meta name=\"twitter:card\" content=\"summary_large_image\" \/>\n<meta name=\"twitter:creator\" content=\"@ferrogal\" \/>\n<meta name=\"twitter:site\" content=\"@ferrogal\" \/>\n<meta name=\"twitter:label1\" content=\"Escrito por\" \/>\n\t<meta name=\"twitter:data1\" content=\"Ferrogal - Ferreteria online\" \/>\n\t<meta name=\"twitter:label2\" content=\"Tiempo de lectura\" \/>\n\t<meta name=\"twitter:data2\" content=\"1 minuto\" \/>\n<script type=\"application\/ld+json\" class=\"yoast-schema-graph\">{\"@context\":\"https:\\\/\\\/schema.org\",\"@graph\":[{\"@type\":\"Article\",\"@id\":\"https:\\\/\\\/www.ferrogal.com\\\/blog\\\/2013\\\/10\\\/16\\\/una-pequenas-notas-sobre-el-uso-del-casco\\\/#article\",\"isPartOf\":{\"@id\":\"https:\\\/\\\/www.ferrogal.com\\\/blog\\\/2013\\\/10\\\/16\\\/una-pequenas-notas-sobre-el-uso-del-casco\\\/\"},\"author\":{\"name\":\"Ferrogal - Ferreteria online\",\"@id\":\"https:\\\/\\\/www.ferrogal.com\\\/blog\\\/#\\\/schema\\\/person\\\/743e4c8308fe1ee9b1cad155d7ad4e1d\"},\"headline\":\"Una peque\u00f1as notas sobre el uso del casco\",\"datePublished\":\"2013-10-16T08:23:27+00:00\",\"mainEntityOfPage\":{\"@id\":\"https:\\\/\\\/www.ferrogal.com\\\/blog\\\/2013\\\/10\\\/16\\\/una-pequenas-notas-sobre-el-uso-del-casco\\\/\"},\"wordCount\":194,\"commentCount\":0,\"publisher\":{\"@id\":\"https:\\\/\\\/www.ferrogal.com\\\/blog\\\/#organization\"},\"image\":{\"@id\":\"https:\\\/\\\/www.ferrogal.com\\\/blog\\\/2013\\\/10\\\/16\\\/una-pequenas-notas-sobre-el-uso-del-casco\\\/#primaryimage\"},\"thumbnailUrl\":\"https:\\\/\\\/www.ferrogal.com\\\/blog\\\/wp-content\\\/uploads\\\/2013\\\/10\\\/nm-521d7692b2c2e.jpg\",\"articleSection\":[\"Profesional\"],\"inLanguage\":\"es\",\"potentialAction\":[{\"@type\":\"CommentAction\",\"name\":\"Comment\",\"target\":[\"https:\\\/\\\/www.ferrogal.com\\\/blog\\\/2013\\\/10\\\/16\\\/una-pequenas-notas-sobre-el-uso-del-casco\\\/#respond\"]}]},{\"@type\":\"WebPage\",\"@id\":\"https:\\\/\\\/www.ferrogal.com\\\/blog\\\/2013\\\/10\\\/16\\\/una-pequenas-notas-sobre-el-uso-del-casco\\\/\",\"url\":\"https:\\\/\\\/www.ferrogal.com\\\/blog\\\/2013\\\/10\\\/16\\\/una-pequenas-notas-sobre-el-uso-del-casco\\\/\",\"name\":\"Una peque\u00f1as notas sobre el uso del casco - Ferreter\u00eda Ferrogal\",\"isPartOf\":{\"@id\":\"https:\\\/\\\/www.ferrogal.com\\\/blog\\\/#website\"},\"primaryImageOfPage\":{\"@id\":\"https:\\\/\\\/www.ferrogal.com\\\/blog\\\/2013\\\/10\\\/16\\\/una-pequenas-notas-sobre-el-uso-del-casco\\\/#primaryimage\"},\"image\":{\"@id\":\"https:\\\/\\\/www.ferrogal.com\\\/blog\\\/2013\\\/10\\\/16\\\/una-pequenas-notas-sobre-el-uso-del-casco\\\/#primaryimage\"},\"thumbnailUrl\":\"https:\\\/\\\/www.ferrogal.com\\\/blog\\\/wp-content\\\/uploads\\\/2013\\\/10\\\/nm-521d7692b2c2e.jpg\",\"datePublished\":\"2013-10-16T08:23:27+00:00\",\"breadcrumb\":{\"@id\":\"https:\\\/\\\/www.ferrogal.com\\\/blog\\\/2013\\\/10\\\/16\\\/una-pequenas-notas-sobre-el-uso-del-casco\\\/#breadcrumb\"},\"inLanguage\":\"es\",\"potentialAction\":[{\"@type\":\"ReadAction\",\"target\":[\"https:\\\/\\\/www.ferrogal.com\\\/blog\\\/2013\\\/10\\\/16\\\/una-pequenas-notas-sobre-el-uso-del-casco\\\/\"]}]},{\"@type\":\"ImageObject\",\"inLanguage\":\"es\",\"@id\":\"https:\\\/\\\/www.ferrogal.com\\\/blog\\\/2013\\\/10\\\/16\\\/una-pequenas-notas-sobre-el-uso-del-casco\\\/#primaryimage\",\"url\":\"https:\\\/\\\/www.ferrogal.com\\\/blog\\\/wp-content\\\/uploads\\\/2013\\\/10\\\/nm-521d7692b2c2e.jpg\",\"contentUrl\":\"https:\\\/\\\/www.ferrogal.com\\\/blog\\\/wp-content\\\/uploads\\\/2013\\\/10\\\/nm-521d7692b2c2e.jpg\",\"width\":\"350\",\"height\":\"228\"},{\"@type\":\"BreadcrumbList\",\"@id\":\"https:\\\/\\\/www.ferrogal.com\\\/blog\\\/2013\\\/10\\\/16\\\/una-pequenas-notas-sobre-el-uso-del-casco\\\/#breadcrumb\",\"itemListElement\":[{\"@type\":\"ListItem\",\"position\":1,\"name\":\"Portada\",\"item\":\"https:\\\/\\\/www.ferrogal.com\\\/blog\\\/\"},{\"@type\":\"ListItem\",\"position\":2,\"name\":\"Profesional\",\"item\":\"https:\\\/\\\/www.ferrogal.com\\\/blog\\\/category\\\/profesional\\\/\"},{\"@type\":\"ListItem\",\"position\":3,\"name\":\"Una peque\u00f1as notas sobre el uso del casco\"}]},{\"@type\":\"WebSite\",\"@id\":\"https:\\\/\\\/www.ferrogal.com\\\/blog\\\/#website\",\"url\":\"https:\\\/\\\/www.ferrogal.com\\\/blog\\\/\",\"name\":\"Ferreter\u00eda Ferrogal\",\"description\":\"Zamora 980 519 720 \\\/ 980 526 018\",\"publisher\":{\"@id\":\"https:\\\/\\\/www.ferrogal.com\\\/blog\\\/#organization\"},\"potentialAction\":[{\"@type\":\"SearchAction\",\"target\":{\"@type\":\"EntryPoint\",\"urlTemplate\":\"https:\\\/\\\/www.ferrogal.com\\\/blog\\\/?s={search_term_string}\"},\"query-input\":{\"@type\":\"PropertyValueSpecification\",\"valueRequired\":true,\"valueName\":\"search_term_string\"}}],\"inLanguage\":\"es\"},{\"@type\":\"Organization\",\"@id\":\"https:\\\/\\\/www.ferrogal.com\\\/blog\\\/#organization\",\"name\":\"Ferreter\u00edas Ferrogal\",\"url\":\"https:\\\/\\\/www.ferrogal.com\\\/blog\\\/\",\"logo\":{\"@type\":\"ImageObject\",\"inLanguage\":\"es\",\"@id\":\"https:\\\/\\\/www.ferrogal.com\\\/blog\\\/#\\\/schema\\\/logo\\\/image\\\/\",\"url\":\"https:\\\/\\\/www.ferrogal.com\\\/blog\\\/wp-content\\\/uploads\\\/2022\\\/05\\\/logo.png\",\"contentUrl\":\"https:\\\/\\\/www.ferrogal.com\\\/blog\\\/wp-content\\\/uploads\\\/2022\\\/05\\\/logo.png\",\"width\":250,\"height\":53,\"caption\":\"Ferreter\u00edas Ferrogal\"},\"image\":{\"@id\":\"https:\\\/\\\/www.ferrogal.com\\\/blog\\\/#\\\/schema\\\/logo\\\/image\\\/\"},\"sameAs\":[\"https:\\\/\\\/www.facebook.com\\\/FERROGAL\",\"https:\\\/\\\/x.com\\\/ferrogal\",\"https:\\\/\\\/www.youtube.com\\\/user\\\/jcpgalan?feature=CBIQwRs=\"]},{\"@type\":\"Person\",\"@id\":\"https:\\\/\\\/www.ferrogal.com\\\/blog\\\/#\\\/schema\\\/person\\\/743e4c8308fe1ee9b1cad155d7ad4e1d\",\"name\":\"Ferrogal - Ferreteria online\"}]}<\/script>\n<!-- \/ Yoast SEO plugin. -->","yoast_head_json":{"title":"Una peque\u00f1as notas sobre el uso del casco - Ferreter\u00eda Ferrogal","robots":{"index":"index","follow":"follow","max-snippet":"max-snippet:-1","max-image-preview":"max-image-preview:large","max-video-preview":"max-video-preview:-1"},"canonical":"https:\/\/www.ferrogal.com\/blog\/2013\/10\/16\/una-pequenas-notas-sobre-el-uso-del-casco\/","og_locale":"es_ES","og_type":"article","og_title":"Una peque\u00f1as notas sobre el uso del casco - Ferreter\u00eda Ferrogal","og_description":"Funciones del casco:\u00a0Evita la penetraci\u00f3n de objetos en el cr\u00e1neo.\u00a0Amortigua los golpes gracias a la c\u00e1scara y al arn\u00e9s.\u00a0Desv\u00eda la ca\u00edda perpendicular de objetos Elementos del casco:\u00a0La c\u00e1scara es la parte visible del casco, se fabrican en diferentes colores aunque es preferible usar\u00a0 colores claros para reverberar los rayos del sol. En la parte interior [&hellip;]","og_url":"https:\/\/www.ferrogal.com\/blog\/2013\/10\/16\/una-pequenas-notas-sobre-el-uso-del-casco\/","og_site_name":"Ferreter\u00eda Ferrogal","article_publisher":"https:\/\/www.facebook.com\/FERROGAL","article_published_time":"2013-10-16T08:23:27+00:00","og_image":[{"width":350,"height":228,"url":"https:\/\/www.ferrogal.com\/blog\/wp-content\/uploads\/2013\/10\/nm-521d7692b2c2e.jpg","type":"image\/jpeg"}],"author":"Ferrogal - Ferreteria online","twitter_card":"summary_large_image","twitter_creator":"@ferrogal","twitter_site":"@ferrogal","twitter_misc":{"Escrito por":"Ferrogal - Ferreteria online","Tiempo de lectura":"1 minuto"},"schema":{"@context":"https:\/\/schema.org","@graph":[{"@type":"Article","@id":"https:\/\/www.ferrogal.com\/blog\/2013\/10\/16\/una-pequenas-notas-sobre-el-uso-del-casco\/#article","isPartOf":{"@id":"https:\/\/www.ferrogal.com\/blog\/2013\/10\/16\/una-pequenas-notas-sobre-el-uso-del-casco\/"},"author":{"name":"Ferrogal - Ferreteria online","@id":"https:\/\/www.ferrogal.com\/blog\/#\/schema\/person\/743e4c8308fe1ee9b1cad155d7ad4e1d"},"headline":"Una peque\u00f1as notas sobre el uso del casco","datePublished":"2013-10-16T08:23:27+00:00","mainEntityOfPage":{"@id":"https:\/\/www.ferrogal.com\/blog\/2013\/10\/16\/una-pequenas-notas-sobre-el-uso-del-casco\/"},"wordCount":194,"commentCount":0,"publisher":{"@id":"https:\/\/www.ferrogal.com\/blog\/#organization"},"image":{"@id":"https:\/\/www.ferrogal.com\/blog\/2013\/10\/16\/una-pequenas-notas-sobre-el-uso-del-casco\/#primaryimage"},"thumbnailUrl":"https:\/\/www.ferrogal.com\/blog\/wp-content\/uploads\/2013\/10\/nm-521d7692b2c2e.jpg","articleSection":["Profesional"],"inLanguage":"es","potentialAction":[{"@type":"CommentAction","name":"Comment","target":["https:\/\/www.ferrogal.com\/blog\/2013\/10\/16\/una-pequenas-notas-sobre-el-uso-del-casco\/#respond"]}]},{"@type":"WebPage","@id":"https:\/\/www.ferrogal.com\/blog\/2013\/10\/16\/una-pequenas-notas-sobre-el-uso-del-casco\/","url":"https:\/\/www.ferrogal.com\/blog\/2013\/10\/16\/una-pequenas-notas-sobre-el-uso-del-casco\/","name":"Una peque\u00f1as notas sobre el uso del casco - Ferreter\u00eda Ferrogal","isPartOf":{"@id":"https:\/\/www.ferrogal.com\/blog\/#website"},"primaryImageOfPage":{"@id":"https:\/\/www.ferrogal.com\/blog\/2013\/10\/16\/una-pequenas-notas-sobre-el-uso-del-casco\/#primaryimage"},"image":{"@id":"https:\/\/www.ferrogal.com\/blog\/2013\/10\/16\/una-pequenas-notas-sobre-el-uso-del-casco\/#primaryimage"},"thumbnailUrl":"https:\/\/www.ferrogal.com\/blog\/wp-content\/uploads\/2013\/10\/nm-521d7692b2c2e.jpg","datePublished":"2013-10-16T08:23:27+00:00","breadcrumb":{"@id":"https:\/\/www.ferrogal.com\/blog\/2013\/10\/16\/una-pequenas-notas-sobre-el-uso-del-casco\/#breadcrumb"},"inLanguage":"es","potentialAction":[{"@type":"ReadAction","target":["https:\/\/www.ferrogal.com\/blog\/2013\/10\/16\/una-pequenas-notas-sobre-el-uso-del-casco\/"]}]},{"@type":"ImageObject","inLanguage":"es","@id":"https:\/\/www.ferrogal.com\/blog\/2013\/10\/16\/una-pequenas-notas-sobre-el-uso-del-casco\/#primaryimage","url":"https:\/\/www.ferrogal.com\/blog\/wp-content\/uploads\/2013\/10\/nm-521d7692b2c2e.jpg","contentUrl":"https:\/\/www.ferrogal.com\/blog\/wp-content\/uploads\/2013\/10\/nm-521d7692b2c2e.jpg","width":"350","height":"228"},{"@type":"BreadcrumbList","@id":"https:\/\/www.ferrogal.com\/blog\/2013\/10\/16\/una-pequenas-notas-sobre-el-uso-del-casco\/#breadcrumb","itemListElement":[{"@type":"ListItem","position":1,"name":"Portada","item":"https:\/\/www.ferrogal.com\/blog\/"},{"@type":"ListItem","position":2,"name":"Profesional","item":"https:\/\/www.ferrogal.com\/blog\/category\/profesional\/"},{"@type":"ListItem","position":3,"name":"Una peque\u00f1as notas sobre el uso del casco"}]},{"@type":"WebSite","@id":"https:\/\/www.ferrogal.com\/blog\/#website","url":"https:\/\/www.ferrogal.com\/blog\/","name":"Ferreter\u00eda Ferrogal","description":"Zamora 980 519 720 \/ 980 526 018","publisher":{"@id":"https:\/\/www.ferrogal.com\/blog\/#organization"},"potentialAction":[{"@type":"SearchAction","target":{"@type":"EntryPoint","urlTemplate":"https:\/\/www.ferrogal.com\/blog\/?s={search_term_string}"},"query-input":{"@type":"PropertyValueSpecification","valueRequired":true,"valueName":"search_term_string"}}],"inLanguage":"es"},{"@type":"Organization","@id":"https:\/\/www.ferrogal.com\/blog\/#organization","name":"Ferreter\u00edas Ferrogal","url":"https:\/\/www.ferrogal.com\/blog\/","logo":{"@type":"ImageObject","inLanguage":"es","@id":"https:\/\/www.ferrogal.com\/blog\/#\/schema\/logo\/image\/","url":"https:\/\/www.ferrogal.com\/blog\/wp-content\/uploads\/2022\/05\/logo.png","contentUrl":"https:\/\/www.ferrogal.com\/blog\/wp-content\/uploads\/2022\/05\/logo.png","width":250,"height":53,"caption":"Ferreter\u00edas Ferrogal"},"image":{"@id":"https:\/\/www.ferrogal.com\/blog\/#\/schema\/logo\/image\/"},"sameAs":["https:\/\/www.facebook.com\/FERROGAL","https:\/\/x.com\/ferrogal","https:\/\/www.youtube.com\/user\/jcpgalan?feature=CBIQwRs="]},{"@type":"Person","@id":"https:\/\/www.ferrogal.com\/blog\/#\/schema\/person\/743e4c8308fe1ee9b1cad155d7ad4e1d","name":"Ferrogal - Ferreteria online"}]}},"_links":{"self":[{"href":"https:\/\/www.ferrogal.com\/blog\/wp-json\/wp\/v2\/posts\/335","targetHints":{"allow":["GET"]}}],"collection":[{"href":"https:\/\/www.ferrogal.com\/blog\/wp-json\/wp\/v2\/posts"}],"about":[{"href":"https:\/\/www.ferrogal.com\/blog\/wp-json\/wp\/v2\/types\/post"}],"author":[{"embeddable":true,"href":"https:\/\/www.ferrogal.com\/blog\/wp-json\/wp\/v2\/users\/1"}],"replies":[{"embeddable":true,"href":"https:\/\/www.ferrogal.com\/blog\/wp-json\/wp\/v2\/comments?post=335"}],"version-history":[{"count":0,"href":"https:\/\/www.ferrogal.com\/blog\/wp-json\/wp\/v2\/posts\/335\/revisions"}],"wp:featuredmedia":[{"embeddable":true,"href":"https:\/\/www.ferrogal.com\/blog\/wp-json\/wp\/v2\/media\/341"}],"wp:attachment":[{"href":"https:\/\/www.ferrogal.com\/blog\/wp-json\/wp\/v2\/media?parent=335"}],"wp:term":[{"taxonomy":"category","embeddable":true,"href":"https:\/\/www.ferrogal.com\/blog\/wp-json\/wp\/v2\/categories?post=335"},{"taxonomy":"post_tag","embeddable":true,"href":"https:\/\/www.ferrogal.com\/blog\/wp-json\/wp\/v2\/tags?post=335"}],"curies":[{"name":"wp","href":"https:\/\/api.w.org\/{rel}","templated":true}]}}