{"id":168,"date":"2013-05-07T10:11:49","date_gmt":"2013-05-07T08:11:49","guid":{"rendered":"http:\/\/www.ferrogal.com\/blog\/?p=168"},"modified":"2013-05-07T10:11:49","modified_gmt":"2013-05-07T08:11:49","slug":"catalogo-profesional-primavera-2013-de-comafe","status":"publish","type":"post","link":"https:\/\/www.ferrogal.com\/blog\/2013\/05\/07\/catalogo-profesional-primavera-2013-de-comafe\/","title":{"rendered":"Cat\u00e1logo Profesional Primavera 2013 de Comafe"},"content":{"rendered":"<p>El nuevo cat\u00e1logo de profesional primavera 2013 editado por Comafe nos vuelve a sorprender por su calidad de edici\u00f3n y amplia informaci\u00f3n en la descripci\u00f3n de los art\u00edculos.<span style=\"font-size: 13px; line-height: 19px;\">\u00a0<\/span><\/p>\n<figure id=\"attachment_169\" aria-describedby=\"caption-attachment-169\" style=\"width: 212px\" class=\"wp-caption aligncenter\"><a href=\"http:\/\/www.ferrogal.com\/descargar\/descargas\/profesional_primavera2013.pdf\"><img fetchpriority=\"high\" decoding=\"async\" class=\"size-medium wp-image-169 \" title=\"Cat\u00e1logo Profesional Primavera 2013 de Comafe\" src=\"http:\/\/www.ferrogal.com\/blog\/wp-content\/uploads\/2013\/05\/Prof.Priavera20131-212x300.jpg\" alt=\"Cat\u00e1logo Profesional Primavera 2013 de Comafe\" width=\"212\" height=\"300\" srcset=\"https:\/\/www.ferrogal.com\/blog\/wp-content\/uploads\/2013\/05\/Prof.Priavera20131-212x300.jpg 212w, https:\/\/www.ferrogal.com\/blog\/wp-content\/uploads\/2013\/05\/Prof.Priavera20131.jpg 424w\" sizes=\"(max-width: 212px) 100vw, 212px\" \/><\/a><figcaption id=\"caption-attachment-169\" class=\"wp-caption-text\">Cat\u00e1logo Profesional Primavera 2013 de Comafe<\/figcaption><\/figure>\n<p>Sus l\u00edneas b\u00e1sicas de trabajo siguen siendo las de otros a\u00f1os<span style=\"font-size: 13px; line-height: 19px;\">\u00a0<\/span><\/p>\n<ul>\n<li>Herramienta el\u00e9ctrica y a bater\u00eda, entre otros proveedores destacamos Bosch, Dewalt, Makita<\/li>\n<li>Vestuario laboral y EPI de proveedores como Panter, Bellota o Climax<\/li>\n<li>Herramientas manuales y de medici\u00f3n de Bellota, Stabila entre otros<\/li>\n<li>Adhesivos y qu\u00edmicos de Sika, Krafft\u2026<\/li>\n<li>Entre otras muchas cosas<\/li>\n<\/ul>\n<p>No lo dudes m\u00e1s y desc\u00e1rgalo de nuestra <a href=\"http:\/\/www.ferrogal.com\/\">web<\/a> donde tambi\u00e9n podr\u00e1s realizar su compra<\/p>\n","protected":false},"excerpt":{"rendered":"<p>El nuevo cat\u00e1logo de profesional primavera 2013 editado por Comafe nos vuelve a sorprender por su calidad de edici\u00f3n y amplia informaci\u00f3n en la descripci\u00f3n de los art\u00edculos.\u00a0 Sus l\u00edneas b\u00e1sicas de trabajo siguen siendo las de otros a\u00f1os\u00a0 Herramienta el\u00e9ctrica y a bater\u00eda, entre otros proveedores destacamos Bosch, Dewalt, Makita Vestuario laboral y EPI [&hellip;]<\/p>\n","protected":false},"author":1,"featured_media":169,"comment_status":"open","ping_status":"open","sticky":false,"template":"","format":"standard","meta":{"footnotes":""},"categories":[10,3],"tags":[],"class_list":["post-168","post","type-post","status-publish","format-standard","has-post-thumbnail","hentry","category-catalogos","category-profesional"],"yoast_head":"<!-- This site is optimized with the Yoast SEO plugin v27.4 - https:\/\/yoast.com\/product\/yoast-seo-wordpress\/ -->\n<title>Cat\u00e1logo Profesional Primavera 2013 de Comafe - Ferreter\u00eda Ferrogal<\/title>\n<meta name=\"robots\" content=\"index, follow, max-snippet:-1, max-image-preview:large, max-video-preview:-1\" \/>\n<link rel=\"canonical\" href=\"https:\/\/www.ferrogal.com\/blog\/2013\/05\/07\/catalogo-profesional-primavera-2013-de-comafe\/\" \/>\n<meta property=\"og:locale\" content=\"es_ES\" \/>\n<meta property=\"og:type\" content=\"article\" \/>\n<meta property=\"og:title\" content=\"Cat\u00e1logo Profesional Primavera 2013 de Comafe - Ferreter\u00eda Ferrogal\" \/>\n<meta property=\"og:description\" content=\"El nuevo cat\u00e1logo de profesional primavera 2013 editado por Comafe nos vuelve a sorprender por su calidad de edici\u00f3n y amplia informaci\u00f3n en la descripci\u00f3n de los art\u00edculos.\u00a0 Sus l\u00edneas b\u00e1sicas de trabajo siguen siendo las de otros a\u00f1os\u00a0 Herramienta el\u00e9ctrica y a bater\u00eda, entre otros proveedores destacamos Bosch, Dewalt, Makita Vestuario laboral y EPI [&hellip;]\" \/>\n<meta property=\"og:url\" content=\"https:\/\/www.ferrogal.com\/blog\/2013\/05\/07\/catalogo-profesional-primavera-2013-de-comafe\/\" \/>\n<meta property=\"og:site_name\" content=\"Ferreter\u00eda Ferrogal\" \/>\n<meta property=\"article:publisher\" content=\"https:\/\/www.facebook.com\/FERROGAL\" \/>\n<meta property=\"article:published_time\" content=\"2013-05-07T08:11:49+00:00\" \/>\n<meta property=\"og:image\" content=\"https:\/\/www.ferrogal.com\/blog\/wp-content\/uploads\/2013\/05\/Prof.Priavera20131.jpg\" \/>\n\t<meta property=\"og:image:width\" content=\"424\" \/>\n\t<meta property=\"og:image:height\" content=\"600\" \/>\n\t<meta property=\"og:image:type\" content=\"image\/jpeg\" \/>\n<meta name=\"author\" content=\"Ferrogal - Ferreteria online\" \/>\n<meta name=\"twitter:card\" content=\"summary_large_image\" \/>\n<meta name=\"twitter:creator\" content=\"@ferrogal\" \/>\n<meta name=\"twitter:site\" content=\"@ferrogal\" \/>\n<meta name=\"twitter:label1\" content=\"Escrito por\" \/>\n\t<meta name=\"twitter:data1\" content=\"Ferrogal - Ferreteria online\" \/>\n\t<meta name=\"twitter:label2\" content=\"Tiempo de lectura\" \/>\n\t<meta name=\"twitter:data2\" content=\"1 minuto\" \/>\n<script type=\"application\/ld+json\" class=\"yoast-schema-graph\">{\"@context\":\"https:\\\/\\\/schema.org\",\"@graph\":[{\"@type\":\"Article\",\"@id\":\"https:\\\/\\\/www.ferrogal.com\\\/blog\\\/2013\\\/05\\\/07\\\/catalogo-profesional-primavera-2013-de-comafe\\\/#article\",\"isPartOf\":{\"@id\":\"https:\\\/\\\/www.ferrogal.com\\\/blog\\\/2013\\\/05\\\/07\\\/catalogo-profesional-primavera-2013-de-comafe\\\/\"},\"author\":{\"name\":\"Ferrogal - Ferreteria online\",\"@id\":\"https:\\\/\\\/www.ferrogal.com\\\/blog\\\/#\\\/schema\\\/person\\\/743e4c8308fe1ee9b1cad155d7ad4e1d\"},\"headline\":\"Cat\u00e1logo Profesional Primavera 2013 de Comafe\",\"datePublished\":\"2013-05-07T08:11:49+00:00\",\"mainEntityOfPage\":{\"@id\":\"https:\\\/\\\/www.ferrogal.com\\\/blog\\\/2013\\\/05\\\/07\\\/catalogo-profesional-primavera-2013-de-comafe\\\/\"},\"wordCount\":131,\"commentCount\":0,\"publisher\":{\"@id\":\"https:\\\/\\\/www.ferrogal.com\\\/blog\\\/#organization\"},\"image\":{\"@id\":\"https:\\\/\\\/www.ferrogal.com\\\/blog\\\/2013\\\/05\\\/07\\\/catalogo-profesional-primavera-2013-de-comafe\\\/#primaryimage\"},\"thumbnailUrl\":\"https:\\\/\\\/www.ferrogal.com\\\/blog\\\/wp-content\\\/uploads\\\/2013\\\/05\\\/Prof.Priavera20131.jpg\",\"articleSection\":[\"Cat\u00e1logos\",\"Profesional\"],\"inLanguage\":\"es\",\"potentialAction\":[{\"@type\":\"CommentAction\",\"name\":\"Comment\",\"target\":[\"https:\\\/\\\/www.ferrogal.com\\\/blog\\\/2013\\\/05\\\/07\\\/catalogo-profesional-primavera-2013-de-comafe\\\/#respond\"]}]},{\"@type\":\"WebPage\",\"@id\":\"https:\\\/\\\/www.ferrogal.com\\\/blog\\\/2013\\\/05\\\/07\\\/catalogo-profesional-primavera-2013-de-comafe\\\/\",\"url\":\"https:\\\/\\\/www.ferrogal.com\\\/blog\\\/2013\\\/05\\\/07\\\/catalogo-profesional-primavera-2013-de-comafe\\\/\",\"name\":\"Cat\u00e1logo Profesional Primavera 2013 de Comafe - Ferreter\u00eda Ferrogal\",\"isPartOf\":{\"@id\":\"https:\\\/\\\/www.ferrogal.com\\\/blog\\\/#website\"},\"primaryImageOfPage\":{\"@id\":\"https:\\\/\\\/www.ferrogal.com\\\/blog\\\/2013\\\/05\\\/07\\\/catalogo-profesional-primavera-2013-de-comafe\\\/#primaryimage\"},\"image\":{\"@id\":\"https:\\\/\\\/www.ferrogal.com\\\/blog\\\/2013\\\/05\\\/07\\\/catalogo-profesional-primavera-2013-de-comafe\\\/#primaryimage\"},\"thumbnailUrl\":\"https:\\\/\\\/www.ferrogal.com\\\/blog\\\/wp-content\\\/uploads\\\/2013\\\/05\\\/Prof.Priavera20131.jpg\",\"datePublished\":\"2013-05-07T08:11:49+00:00\",\"breadcrumb\":{\"@id\":\"https:\\\/\\\/www.ferrogal.com\\\/blog\\\/2013\\\/05\\\/07\\\/catalogo-profesional-primavera-2013-de-comafe\\\/#breadcrumb\"},\"inLanguage\":\"es\",\"potentialAction\":[{\"@type\":\"ReadAction\",\"target\":[\"https:\\\/\\\/www.ferrogal.com\\\/blog\\\/2013\\\/05\\\/07\\\/catalogo-profesional-primavera-2013-de-comafe\\\/\"]}]},{\"@type\":\"ImageObject\",\"inLanguage\":\"es\",\"@id\":\"https:\\\/\\\/www.ferrogal.com\\\/blog\\\/2013\\\/05\\\/07\\\/catalogo-profesional-primavera-2013-de-comafe\\\/#primaryimage\",\"url\":\"https:\\\/\\\/www.ferrogal.com\\\/blog\\\/wp-content\\\/uploads\\\/2013\\\/05\\\/Prof.Priavera20131.jpg\",\"contentUrl\":\"https:\\\/\\\/www.ferrogal.com\\\/blog\\\/wp-content\\\/uploads\\\/2013\\\/05\\\/Prof.Priavera20131.jpg\",\"width\":\"424\",\"height\":\"600\",\"caption\":\"Cat\u00e1logo Profesional Primavera 2013 de Comafe\"},{\"@type\":\"BreadcrumbList\",\"@id\":\"https:\\\/\\\/www.ferrogal.com\\\/blog\\\/2013\\\/05\\\/07\\\/catalogo-profesional-primavera-2013-de-comafe\\\/#breadcrumb\",\"itemListElement\":[{\"@type\":\"ListItem\",\"position\":1,\"name\":\"Portada\",\"item\":\"https:\\\/\\\/www.ferrogal.com\\\/blog\\\/\"},{\"@type\":\"ListItem\",\"position\":2,\"name\":\"Cat\u00e1logos\",\"item\":\"https:\\\/\\\/www.ferrogal.com\\\/blog\\\/category\\\/catalogos\\\/\"},{\"@type\":\"ListItem\",\"position\":3,\"name\":\"Cat\u00e1logo Profesional Primavera 2013 de Comafe\"}]},{\"@type\":\"WebSite\",\"@id\":\"https:\\\/\\\/www.ferrogal.com\\\/blog\\\/#website\",\"url\":\"https:\\\/\\\/www.ferrogal.com\\\/blog\\\/\",\"name\":\"Ferreter\u00eda Ferrogal\",\"description\":\"Zamora 980 519 720 \\\/ 980 526 018\",\"publisher\":{\"@id\":\"https:\\\/\\\/www.ferrogal.com\\\/blog\\\/#organization\"},\"potentialAction\":[{\"@type\":\"SearchAction\",\"target\":{\"@type\":\"EntryPoint\",\"urlTemplate\":\"https:\\\/\\\/www.ferrogal.com\\\/blog\\\/?s={search_term_string}\"},\"query-input\":{\"@type\":\"PropertyValueSpecification\",\"valueRequired\":true,\"valueName\":\"search_term_string\"}}],\"inLanguage\":\"es\"},{\"@type\":\"Organization\",\"@id\":\"https:\\\/\\\/www.ferrogal.com\\\/blog\\\/#organization\",\"name\":\"Ferreter\u00edas Ferrogal\",\"url\":\"https:\\\/\\\/www.ferrogal.com\\\/blog\\\/\",\"logo\":{\"@type\":\"ImageObject\",\"inLanguage\":\"es\",\"@id\":\"https:\\\/\\\/www.ferrogal.com\\\/blog\\\/#\\\/schema\\\/logo\\\/image\\\/\",\"url\":\"https:\\\/\\\/www.ferrogal.com\\\/blog\\\/wp-content\\\/uploads\\\/2022\\\/05\\\/logo.png\",\"contentUrl\":\"https:\\\/\\\/www.ferrogal.com\\\/blog\\\/wp-content\\\/uploads\\\/2022\\\/05\\\/logo.png\",\"width\":250,\"height\":53,\"caption\":\"Ferreter\u00edas Ferrogal\"},\"image\":{\"@id\":\"https:\\\/\\\/www.ferrogal.com\\\/blog\\\/#\\\/schema\\\/logo\\\/image\\\/\"},\"sameAs\":[\"https:\\\/\\\/www.facebook.com\\\/FERROGAL\",\"https:\\\/\\\/x.com\\\/ferrogal\",\"https:\\\/\\\/www.youtube.com\\\/user\\\/jcpgalan?feature=CBIQwRs=\"]},{\"@type\":\"Person\",\"@id\":\"https:\\\/\\\/www.ferrogal.com\\\/blog\\\/#\\\/schema\\\/person\\\/743e4c8308fe1ee9b1cad155d7ad4e1d\",\"name\":\"Ferrogal - Ferreteria online\"}]}<\/script>\n<!-- \/ Yoast SEO plugin. -->","yoast_head_json":{"title":"Cat\u00e1logo Profesional Primavera 2013 de Comafe - Ferreter\u00eda Ferrogal","robots":{"index":"index","follow":"follow","max-snippet":"max-snippet:-1","max-image-preview":"max-image-preview:large","max-video-preview":"max-video-preview:-1"},"canonical":"https:\/\/www.ferrogal.com\/blog\/2013\/05\/07\/catalogo-profesional-primavera-2013-de-comafe\/","og_locale":"es_ES","og_type":"article","og_title":"Cat\u00e1logo Profesional Primavera 2013 de Comafe - Ferreter\u00eda Ferrogal","og_description":"El nuevo cat\u00e1logo de profesional primavera 2013 editado por Comafe nos vuelve a sorprender por su calidad de edici\u00f3n y amplia informaci\u00f3n en la descripci\u00f3n de los art\u00edculos.\u00a0 Sus l\u00edneas b\u00e1sicas de trabajo siguen siendo las de otros a\u00f1os\u00a0 Herramienta el\u00e9ctrica y a bater\u00eda, entre otros proveedores destacamos Bosch, Dewalt, Makita Vestuario laboral y EPI [&hellip;]","og_url":"https:\/\/www.ferrogal.com\/blog\/2013\/05\/07\/catalogo-profesional-primavera-2013-de-comafe\/","og_site_name":"Ferreter\u00eda Ferrogal","article_publisher":"https:\/\/www.facebook.com\/FERROGAL","article_published_time":"2013-05-07T08:11:49+00:00","og_image":[{"width":424,"height":600,"url":"https:\/\/www.ferrogal.com\/blog\/wp-content\/uploads\/2013\/05\/Prof.Priavera20131.jpg","type":"image\/jpeg"}],"author":"Ferrogal - Ferreteria online","twitter_card":"summary_large_image","twitter_creator":"@ferrogal","twitter_site":"@ferrogal","twitter_misc":{"Escrito por":"Ferrogal - Ferreteria online","Tiempo de lectura":"1 minuto"},"schema":{"@context":"https:\/\/schema.org","@graph":[{"@type":"Article","@id":"https:\/\/www.ferrogal.com\/blog\/2013\/05\/07\/catalogo-profesional-primavera-2013-de-comafe\/#article","isPartOf":{"@id":"https:\/\/www.ferrogal.com\/blog\/2013\/05\/07\/catalogo-profesional-primavera-2013-de-comafe\/"},"author":{"name":"Ferrogal - Ferreteria online","@id":"https:\/\/www.ferrogal.com\/blog\/#\/schema\/person\/743e4c8308fe1ee9b1cad155d7ad4e1d"},"headline":"Cat\u00e1logo Profesional Primavera 2013 de Comafe","datePublished":"2013-05-07T08:11:49+00:00","mainEntityOfPage":{"@id":"https:\/\/www.ferrogal.com\/blog\/2013\/05\/07\/catalogo-profesional-primavera-2013-de-comafe\/"},"wordCount":131,"commentCount":0,"publisher":{"@id":"https:\/\/www.ferrogal.com\/blog\/#organization"},"image":{"@id":"https:\/\/www.ferrogal.com\/blog\/2013\/05\/07\/catalogo-profesional-primavera-2013-de-comafe\/#primaryimage"},"thumbnailUrl":"https:\/\/www.ferrogal.com\/blog\/wp-content\/uploads\/2013\/05\/Prof.Priavera20131.jpg","articleSection":["Cat\u00e1logos","Profesional"],"inLanguage":"es","potentialAction":[{"@type":"CommentAction","name":"Comment","target":["https:\/\/www.ferrogal.com\/blog\/2013\/05\/07\/catalogo-profesional-primavera-2013-de-comafe\/#respond"]}]},{"@type":"WebPage","@id":"https:\/\/www.ferrogal.com\/blog\/2013\/05\/07\/catalogo-profesional-primavera-2013-de-comafe\/","url":"https:\/\/www.ferrogal.com\/blog\/2013\/05\/07\/catalogo-profesional-primavera-2013-de-comafe\/","name":"Cat\u00e1logo Profesional Primavera 2013 de Comafe - Ferreter\u00eda Ferrogal","isPartOf":{"@id":"https:\/\/www.ferrogal.com\/blog\/#website"},"primaryImageOfPage":{"@id":"https:\/\/www.ferrogal.com\/blog\/2013\/05\/07\/catalogo-profesional-primavera-2013-de-comafe\/#primaryimage"},"image":{"@id":"https:\/\/www.ferrogal.com\/blog\/2013\/05\/07\/catalogo-profesional-primavera-2013-de-comafe\/#primaryimage"},"thumbnailUrl":"https:\/\/www.ferrogal.com\/blog\/wp-content\/uploads\/2013\/05\/Prof.Priavera20131.jpg","datePublished":"2013-05-07T08:11:49+00:00","breadcrumb":{"@id":"https:\/\/www.ferrogal.com\/blog\/2013\/05\/07\/catalogo-profesional-primavera-2013-de-comafe\/#breadcrumb"},"inLanguage":"es","potentialAction":[{"@type":"ReadAction","target":["https:\/\/www.ferrogal.com\/blog\/2013\/05\/07\/catalogo-profesional-primavera-2013-de-comafe\/"]}]},{"@type":"ImageObject","inLanguage":"es","@id":"https:\/\/www.ferrogal.com\/blog\/2013\/05\/07\/catalogo-profesional-primavera-2013-de-comafe\/#primaryimage","url":"https:\/\/www.ferrogal.com\/blog\/wp-content\/uploads\/2013\/05\/Prof.Priavera20131.jpg","contentUrl":"https:\/\/www.ferrogal.com\/blog\/wp-content\/uploads\/2013\/05\/Prof.Priavera20131.jpg","width":"424","height":"600","caption":"Cat\u00e1logo Profesional Primavera 2013 de Comafe"},{"@type":"BreadcrumbList","@id":"https:\/\/www.ferrogal.com\/blog\/2013\/05\/07\/catalogo-profesional-primavera-2013-de-comafe\/#breadcrumb","itemListElement":[{"@type":"ListItem","position":1,"name":"Portada","item":"https:\/\/www.ferrogal.com\/blog\/"},{"@type":"ListItem","position":2,"name":"Cat\u00e1logos","item":"https:\/\/www.ferrogal.com\/blog\/category\/catalogos\/"},{"@type":"ListItem","position":3,"name":"Cat\u00e1logo Profesional Primavera 2013 de Comafe"}]},{"@type":"WebSite","@id":"https:\/\/www.ferrogal.com\/blog\/#website","url":"https:\/\/www.ferrogal.com\/blog\/","name":"Ferreter\u00eda Ferrogal","description":"Zamora 980 519 720 \/ 980 526 018","publisher":{"@id":"https:\/\/www.ferrogal.com\/blog\/#organization"},"potentialAction":[{"@type":"SearchAction","target":{"@type":"EntryPoint","urlTemplate":"https:\/\/www.ferrogal.com\/blog\/?s={search_term_string}"},"query-input":{"@type":"PropertyValueSpecification","valueRequired":true,"valueName":"search_term_string"}}],"inLanguage":"es"},{"@type":"Organization","@id":"https:\/\/www.ferrogal.com\/blog\/#organization","name":"Ferreter\u00edas Ferrogal","url":"https:\/\/www.ferrogal.com\/blog\/","logo":{"@type":"ImageObject","inLanguage":"es","@id":"https:\/\/www.ferrogal.com\/blog\/#\/schema\/logo\/image\/","url":"https:\/\/www.ferrogal.com\/blog\/wp-content\/uploads\/2022\/05\/logo.png","contentUrl":"https:\/\/www.ferrogal.com\/blog\/wp-content\/uploads\/2022\/05\/logo.png","width":250,"height":53,"caption":"Ferreter\u00edas Ferrogal"},"image":{"@id":"https:\/\/www.ferrogal.com\/blog\/#\/schema\/logo\/image\/"},"sameAs":["https:\/\/www.facebook.com\/FERROGAL","https:\/\/x.com\/ferrogal","https:\/\/www.youtube.com\/user\/jcpgalan?feature=CBIQwRs="]},{"@type":"Person","@id":"https:\/\/www.ferrogal.com\/blog\/#\/schema\/person\/743e4c8308fe1ee9b1cad155d7ad4e1d","name":"Ferrogal - Ferreteria online"}]}},"_links":{"self":[{"href":"https:\/\/www.ferrogal.com\/blog\/wp-json\/wp\/v2\/posts\/168","targetHints":{"allow":["GET"]}}],"collection":[{"href":"https:\/\/www.ferrogal.com\/blog\/wp-json\/wp\/v2\/posts"}],"about":[{"href":"https:\/\/www.ferrogal.com\/blog\/wp-json\/wp\/v2\/types\/post"}],"author":[{"embeddable":true,"href":"https:\/\/www.ferrogal.com\/blog\/wp-json\/wp\/v2\/users\/1"}],"replies":[{"embeddable":true,"href":"https:\/\/www.ferrogal.com\/blog\/wp-json\/wp\/v2\/comments?post=168"}],"version-history":[{"count":0,"href":"https:\/\/www.ferrogal.com\/blog\/wp-json\/wp\/v2\/posts\/168\/revisions"}],"wp:featuredmedia":[{"embeddable":true,"href":"https:\/\/www.ferrogal.com\/blog\/wp-json\/wp\/v2\/media\/169"}],"wp:attachment":[{"href":"https:\/\/www.ferrogal.com\/blog\/wp-json\/wp\/v2\/media?parent=168"}],"wp:term":[{"taxonomy":"category","embeddable":true,"href":"https:\/\/www.ferrogal.com\/blog\/wp-json\/wp\/v2\/categories?post=168"},{"taxonomy":"post_tag","embeddable":true,"href":"https:\/\/www.ferrogal.com\/blog\/wp-json\/wp\/v2\/tags?post=168"}],"curies":[{"name":"wp","href":"https:\/\/api.w.org\/{rel}","templated":true}]}}