{"id":1538,"date":"2022-05-21T13:13:53","date_gmt":"2022-05-21T11:13:53","guid":{"rendered":"https:\/\/www.ferrogal.com\/blog\/?p=1538"},"modified":"2022-06-16T11:14:49","modified_gmt":"2022-06-16T09:14:49","slug":"aire-acondicionado-portatil-la-mejor-solucion-sin-instalacion","status":"publish","type":"post","link":"https:\/\/www.ferrogal.com\/blog\/2022\/05\/21\/aire-acondicionado-portatil-la-mejor-solucion-sin-instalacion\/","title":{"rendered":"Aire acondicionado port\u00e1til la mejor soluci\u00f3n sin instalaci\u00f3n"},"content":{"rendered":"<p>El Aire Acondicionado\u00a0 port\u00e1til\u00a0 es una muy buena opci\u00f3n para mejorar el confort en los d\u00edas de calor, este aparato genera fr\u00edo en un proceso f\u00edsico que se desarrolla de la siguiente manera, aspira el aire caliente del ambiente de la estancia donde se coloque, esta aire pasa por el interior del aparato donde se encuentran una serie de tubos que conducen el gas refrigerante que al ser comprimido por el compresor del aparato y luego descomprimido produce el efecto de enfriar el aire, al entrar en contacto con\u00a0 estos tubos se enfr\u00eda y es devuelto como aire fr\u00edo<\/p>\n<p>Es necesario que el calor generado en el proceso se elimine al exterior por un tubo que hay que colocar en ventas, balcones o cualquier otra salida al exterior<\/p>\n<p>Tambi\u00e9n se genera agua de condensaci\u00f3n que habr\u00e1 que vaciar del dep\u00f3sito donde se acumula<\/p>\n<p><img fetchpriority=\"high\" decoding=\"async\" class=\"aligncenter size-medium wp-image-1546\" src=\"https:\/\/www.ferrogal.com\/blog\/wp-content\/uploads\/2022\/05\/img125-INSTALACION.jpg\" alt=\"\" width=\"280\" height=\"296\" \/><\/p>\n<p>El <a href=\"https:\/\/www.ferrogal.com\/familia\/aire-acondicionado-y-complementos_1210.html?brand=768-164-663-&amp;category=&amp;pmin=&amp;pmax=&amp;order=0\">Aire Acondicionado P\u00f3rtatil<\/a> realmente generan fr\u00edo al contrario que otras opciones como ventiladores que su funci\u00f3n es mover el aire con lo que s\u00f3lo se consigue rebajar la sensaci\u00f3n t\u00e9rmica al generar corrientes de aire<\/p>\n<p>Para elegir el aire acondicionado adecuado debemos relacionar las frigor\u00edas con el volumen de la estancia a enfriar.<\/p>\n<p>Suponiendo que la altura de la habitaci\u00f3n sea 2,60mt una superficie de entre 10 a 20m2 requiere unas 1500 a 2000 frigor\u00edas, si la superficie es de 20 a 30m2 la frigor\u00edas deben ser entre 2000 a 3500<\/p>\n<p><a href=\"https:\/\/www.ferrogal.com\/articulo\/aire-acond-inter-28x68x33-port-haverland-abs-bl-iglu-9uv-l_91976.html\"><img decoding=\"async\" class=\"aligncenter wp-image-1563 size-medium\" src=\"https:\/\/www.ferrogal.com\/blog\/wp-content\/uploads\/2022\/05\/sp-aire-acond-inter-28x68x33-port-haverland-abs-bl-iglu-9uv-l-300x223.jpg\" alt=\"\" width=\"300\" height=\"223\" srcset=\"https:\/\/www.ferrogal.com\/blog\/wp-content\/uploads\/2022\/05\/sp-aire-acond-inter-28x68x33-port-haverland-abs-bl-iglu-9uv-l-300x223.jpg 300w, https:\/\/www.ferrogal.com\/blog\/wp-content\/uploads\/2022\/05\/sp-aire-acond-inter-28x68x33-port-haverland-abs-bl-iglu-9uv-l-1024x761.jpg 1024w, https:\/\/www.ferrogal.com\/blog\/wp-content\/uploads\/2022\/05\/sp-aire-acond-inter-28x68x33-port-haverland-abs-bl-iglu-9uv-l-768x571.jpg 768w, https:\/\/www.ferrogal.com\/blog\/wp-content\/uploads\/2022\/05\/sp-aire-acond-inter-28x68x33-port-haverland-abs-bl-iglu-9uv-l.jpg 1050w\" sizes=\"(max-width: 300px) 100vw, 300px\" \/><\/a><\/p>\n<p>Hay que tener en cuenta que para estancias con techos m\u00e1s altos la relaci\u00f3n de la superficie y las frigor\u00edas ser\u00e1 diferente<\/p>\n<p>Otro dato a tener en cuenta es que estos aparatos generan un ruido entorno a los 65db<\/p>\n<p>Puedes ver distintos modelos en este enlace por ejemplo de la marca <a href=\"https:\/\/www.ferrogal.com\/buscar.html?token=acondicionado&amp;strcomp=0&amp;brand=768-&amp;category=&amp;pmin=&amp;pmax=&amp;order=0\">HAVERLAND<\/a>, <a href=\"https:\/\/www.ferrogal.com\/articulo\/aire-acond-clima-26kw-320m3h-bl-tad-226e-toyotomi_77727.html\">TOYOTOM<\/a>, TECTRO \u00a0Y <a href=\"https:\/\/www.ferrogal.com\/articulo\/aire-acond-clima-2000w-qlima-bl-p-534-267kw-wifi-483000007_85838.html\">QLIMA<\/a><\/p>\n","protected":false},"excerpt":{"rendered":"<p>El Aire Acondicionado\u00a0 port\u00e1til\u00a0 es una muy buena opci\u00f3n para mejorar el confort en los d\u00edas de calor, este aparato genera fr\u00edo en un proceso f\u00edsico que se desarrolla de la siguiente manera, aspira el aire caliente del ambiente de la estancia donde se coloque, esta aire pasa por el interior del aparato donde se [&hellip;]<\/p>\n","protected":false},"author":1,"featured_media":1539,"comment_status":"open","ping_status":"open","sticky":false,"template":"","format":"standard","meta":{"footnotes":""},"categories":[9],"tags":[],"class_list":["post-1538","post","type-post","status-publish","format-standard","has-post-thumbnail","hentry","category-ventilacion"],"yoast_head":"<!-- This site is optimized with the Yoast SEO plugin v27.4 - https:\/\/yoast.com\/product\/yoast-seo-wordpress\/ -->\n<title>Aire acondicionado port\u00e1til la mejor soluci\u00f3n sin instalaci\u00f3n - Ferreter\u00eda Ferrogal<\/title>\n<meta name=\"robots\" content=\"index, follow, max-snippet:-1, max-image-preview:large, max-video-preview:-1\" \/>\n<link rel=\"canonical\" href=\"https:\/\/www.ferrogal.com\/blog\/2022\/05\/21\/aire-acondicionado-portatil-la-mejor-solucion-sin-instalacion\/\" \/>\n<meta property=\"og:locale\" content=\"es_ES\" \/>\n<meta property=\"og:type\" content=\"article\" \/>\n<meta property=\"og:title\" content=\"Aire acondicionado port\u00e1til la mejor soluci\u00f3n sin instalaci\u00f3n - Ferreter\u00eda Ferrogal\" \/>\n<meta property=\"og:description\" content=\"El Aire Acondicionado\u00a0 port\u00e1til\u00a0 es una muy buena opci\u00f3n para mejorar el confort en los d\u00edas de calor, este aparato genera fr\u00edo en un proceso f\u00edsico que se desarrolla de la siguiente manera, aspira el aire caliente del ambiente de la estancia donde se coloque, esta aire pasa por el interior del aparato donde se [&hellip;]\" \/>\n<meta property=\"og:url\" content=\"https:\/\/www.ferrogal.com\/blog\/2022\/05\/21\/aire-acondicionado-portatil-la-mejor-solucion-sin-instalacion\/\" \/>\n<meta property=\"og:site_name\" content=\"Ferreter\u00eda Ferrogal\" \/>\n<meta property=\"article:publisher\" content=\"https:\/\/www.facebook.com\/FERROGAL\" \/>\n<meta property=\"article:published_time\" content=\"2022-05-21T11:13:53+00:00\" \/>\n<meta property=\"article:modified_time\" content=\"2022-06-16T09:14:49+00:00\" \/>\n<meta property=\"og:image\" content=\"https:\/\/www.ferrogal.com\/blog\/wp-content\/uploads\/2022\/05\/AIRE-ACONDICIONADO.png\" \/>\n\t<meta property=\"og:image:width\" content=\"1489\" \/>\n\t<meta property=\"og:image:height\" content=\"535\" \/>\n\t<meta property=\"og:image:type\" content=\"image\/png\" \/>\n<meta name=\"author\" content=\"Ferrogal - Ferreteria online\" \/>\n<meta name=\"twitter:card\" content=\"summary_large_image\" \/>\n<meta name=\"twitter:creator\" content=\"@ferrogal\" \/>\n<meta name=\"twitter:site\" content=\"@ferrogal\" \/>\n<meta name=\"twitter:label1\" content=\"Escrito por\" \/>\n\t<meta name=\"twitter:data1\" content=\"Ferrogal - Ferreteria online\" \/>\n\t<meta name=\"twitter:label2\" content=\"Tiempo de lectura\" \/>\n\t<meta name=\"twitter:data2\" content=\"2 minutos\" \/>\n<script type=\"application\/ld+json\" class=\"yoast-schema-graph\">{\"@context\":\"https:\\\/\\\/schema.org\",\"@graph\":[{\"@type\":\"Article\",\"@id\":\"https:\\\/\\\/www.ferrogal.com\\\/blog\\\/2022\\\/05\\\/21\\\/aire-acondicionado-portatil-la-mejor-solucion-sin-instalacion\\\/#article\",\"isPartOf\":{\"@id\":\"https:\\\/\\\/www.ferrogal.com\\\/blog\\\/2022\\\/05\\\/21\\\/aire-acondicionado-portatil-la-mejor-solucion-sin-instalacion\\\/\"},\"author\":{\"name\":\"Ferrogal - Ferreteria online\",\"@id\":\"https:\\\/\\\/www.ferrogal.com\\\/blog\\\/#\\\/schema\\\/person\\\/743e4c8308fe1ee9b1cad155d7ad4e1d\"},\"headline\":\"Aire acondicionado port\u00e1til la mejor soluci\u00f3n sin instalaci\u00f3n\",\"datePublished\":\"2022-05-21T11:13:53+00:00\",\"dateModified\":\"2022-06-16T09:14:49+00:00\",\"mainEntityOfPage\":{\"@id\":\"https:\\\/\\\/www.ferrogal.com\\\/blog\\\/2022\\\/05\\\/21\\\/aire-acondicionado-portatil-la-mejor-solucion-sin-instalacion\\\/\"},\"wordCount\":319,\"commentCount\":0,\"publisher\":{\"@id\":\"https:\\\/\\\/www.ferrogal.com\\\/blog\\\/#organization\"},\"image\":{\"@id\":\"https:\\\/\\\/www.ferrogal.com\\\/blog\\\/2022\\\/05\\\/21\\\/aire-acondicionado-portatil-la-mejor-solucion-sin-instalacion\\\/#primaryimage\"},\"thumbnailUrl\":\"https:\\\/\\\/www.ferrogal.com\\\/blog\\\/wp-content\\\/uploads\\\/2022\\\/05\\\/AIRE-ACONDICIONADO.png\",\"articleSection\":[\"Ventilaci\u00f3n\"],\"inLanguage\":\"es\",\"potentialAction\":[{\"@type\":\"CommentAction\",\"name\":\"Comment\",\"target\":[\"https:\\\/\\\/www.ferrogal.com\\\/blog\\\/2022\\\/05\\\/21\\\/aire-acondicionado-portatil-la-mejor-solucion-sin-instalacion\\\/#respond\"]}]},{\"@type\":\"WebPage\",\"@id\":\"https:\\\/\\\/www.ferrogal.com\\\/blog\\\/2022\\\/05\\\/21\\\/aire-acondicionado-portatil-la-mejor-solucion-sin-instalacion\\\/\",\"url\":\"https:\\\/\\\/www.ferrogal.com\\\/blog\\\/2022\\\/05\\\/21\\\/aire-acondicionado-portatil-la-mejor-solucion-sin-instalacion\\\/\",\"name\":\"Aire acondicionado port\u00e1til la mejor soluci\u00f3n sin instalaci\u00f3n - Ferreter\u00eda Ferrogal\",\"isPartOf\":{\"@id\":\"https:\\\/\\\/www.ferrogal.com\\\/blog\\\/#website\"},\"primaryImageOfPage\":{\"@id\":\"https:\\\/\\\/www.ferrogal.com\\\/blog\\\/2022\\\/05\\\/21\\\/aire-acondicionado-portatil-la-mejor-solucion-sin-instalacion\\\/#primaryimage\"},\"image\":{\"@id\":\"https:\\\/\\\/www.ferrogal.com\\\/blog\\\/2022\\\/05\\\/21\\\/aire-acondicionado-portatil-la-mejor-solucion-sin-instalacion\\\/#primaryimage\"},\"thumbnailUrl\":\"https:\\\/\\\/www.ferrogal.com\\\/blog\\\/wp-content\\\/uploads\\\/2022\\\/05\\\/AIRE-ACONDICIONADO.png\",\"datePublished\":\"2022-05-21T11:13:53+00:00\",\"dateModified\":\"2022-06-16T09:14:49+00:00\",\"breadcrumb\":{\"@id\":\"https:\\\/\\\/www.ferrogal.com\\\/blog\\\/2022\\\/05\\\/21\\\/aire-acondicionado-portatil-la-mejor-solucion-sin-instalacion\\\/#breadcrumb\"},\"inLanguage\":\"es\",\"potentialAction\":[{\"@type\":\"ReadAction\",\"target\":[\"https:\\\/\\\/www.ferrogal.com\\\/blog\\\/2022\\\/05\\\/21\\\/aire-acondicionado-portatil-la-mejor-solucion-sin-instalacion\\\/\"]}]},{\"@type\":\"ImageObject\",\"inLanguage\":\"es\",\"@id\":\"https:\\\/\\\/www.ferrogal.com\\\/blog\\\/2022\\\/05\\\/21\\\/aire-acondicionado-portatil-la-mejor-solucion-sin-instalacion\\\/#primaryimage\",\"url\":\"https:\\\/\\\/www.ferrogal.com\\\/blog\\\/wp-content\\\/uploads\\\/2022\\\/05\\\/AIRE-ACONDICIONADO.png\",\"contentUrl\":\"https:\\\/\\\/www.ferrogal.com\\\/blog\\\/wp-content\\\/uploads\\\/2022\\\/05\\\/AIRE-ACONDICIONADO.png\",\"width\":1489,\"height\":535,\"caption\":\"AIRE ACONDICIONADO\"},{\"@type\":\"BreadcrumbList\",\"@id\":\"https:\\\/\\\/www.ferrogal.com\\\/blog\\\/2022\\\/05\\\/21\\\/aire-acondicionado-portatil-la-mejor-solucion-sin-instalacion\\\/#breadcrumb\",\"itemListElement\":[{\"@type\":\"ListItem\",\"position\":1,\"name\":\"Portada\",\"item\":\"https:\\\/\\\/www.ferrogal.com\\\/blog\\\/\"},{\"@type\":\"ListItem\",\"position\":2,\"name\":\"Ventilaci\u00f3n\",\"item\":\"https:\\\/\\\/www.ferrogal.com\\\/blog\\\/category\\\/ventilacion\\\/\"},{\"@type\":\"ListItem\",\"position\":3,\"name\":\"Aire acondicionado port\u00e1til la mejor soluci\u00f3n sin instalaci\u00f3n\"}]},{\"@type\":\"WebSite\",\"@id\":\"https:\\\/\\\/www.ferrogal.com\\\/blog\\\/#website\",\"url\":\"https:\\\/\\\/www.ferrogal.com\\\/blog\\\/\",\"name\":\"Ferreter\u00eda Ferrogal\",\"description\":\"Zamora 980 519 720 \\\/ 980 526 018\",\"publisher\":{\"@id\":\"https:\\\/\\\/www.ferrogal.com\\\/blog\\\/#organization\"},\"potentialAction\":[{\"@type\":\"SearchAction\",\"target\":{\"@type\":\"EntryPoint\",\"urlTemplate\":\"https:\\\/\\\/www.ferrogal.com\\\/blog\\\/?s={search_term_string}\"},\"query-input\":{\"@type\":\"PropertyValueSpecification\",\"valueRequired\":true,\"valueName\":\"search_term_string\"}}],\"inLanguage\":\"es\"},{\"@type\":\"Organization\",\"@id\":\"https:\\\/\\\/www.ferrogal.com\\\/blog\\\/#organization\",\"name\":\"Ferreter\u00edas Ferrogal\",\"url\":\"https:\\\/\\\/www.ferrogal.com\\\/blog\\\/\",\"logo\":{\"@type\":\"ImageObject\",\"inLanguage\":\"es\",\"@id\":\"https:\\\/\\\/www.ferrogal.com\\\/blog\\\/#\\\/schema\\\/logo\\\/image\\\/\",\"url\":\"https:\\\/\\\/www.ferrogal.com\\\/blog\\\/wp-content\\\/uploads\\\/2022\\\/05\\\/logo.png\",\"contentUrl\":\"https:\\\/\\\/www.ferrogal.com\\\/blog\\\/wp-content\\\/uploads\\\/2022\\\/05\\\/logo.png\",\"width\":250,\"height\":53,\"caption\":\"Ferreter\u00edas Ferrogal\"},\"image\":{\"@id\":\"https:\\\/\\\/www.ferrogal.com\\\/blog\\\/#\\\/schema\\\/logo\\\/image\\\/\"},\"sameAs\":[\"https:\\\/\\\/www.facebook.com\\\/FERROGAL\",\"https:\\\/\\\/x.com\\\/ferrogal\",\"https:\\\/\\\/www.youtube.com\\\/user\\\/jcpgalan?feature=CBIQwRs=\"]},{\"@type\":\"Person\",\"@id\":\"https:\\\/\\\/www.ferrogal.com\\\/blog\\\/#\\\/schema\\\/person\\\/743e4c8308fe1ee9b1cad155d7ad4e1d\",\"name\":\"Ferrogal - Ferreteria online\"}]}<\/script>\n<!-- \/ Yoast SEO plugin. -->","yoast_head_json":{"title":"Aire acondicionado port\u00e1til la mejor soluci\u00f3n sin instalaci\u00f3n - Ferreter\u00eda Ferrogal","robots":{"index":"index","follow":"follow","max-snippet":"max-snippet:-1","max-image-preview":"max-image-preview:large","max-video-preview":"max-video-preview:-1"},"canonical":"https:\/\/www.ferrogal.com\/blog\/2022\/05\/21\/aire-acondicionado-portatil-la-mejor-solucion-sin-instalacion\/","og_locale":"es_ES","og_type":"article","og_title":"Aire acondicionado port\u00e1til la mejor soluci\u00f3n sin instalaci\u00f3n - Ferreter\u00eda Ferrogal","og_description":"El Aire Acondicionado\u00a0 port\u00e1til\u00a0 es una muy buena opci\u00f3n para mejorar el confort en los d\u00edas de calor, este aparato genera fr\u00edo en un proceso f\u00edsico que se desarrolla de la siguiente manera, aspira el aire caliente del ambiente de la estancia donde se coloque, esta aire pasa por el interior del aparato donde se [&hellip;]","og_url":"https:\/\/www.ferrogal.com\/blog\/2022\/05\/21\/aire-acondicionado-portatil-la-mejor-solucion-sin-instalacion\/","og_site_name":"Ferreter\u00eda Ferrogal","article_publisher":"https:\/\/www.facebook.com\/FERROGAL","article_published_time":"2022-05-21T11:13:53+00:00","article_modified_time":"2022-06-16T09:14:49+00:00","og_image":[{"width":1489,"height":535,"url":"https:\/\/www.ferrogal.com\/blog\/wp-content\/uploads\/2022\/05\/AIRE-ACONDICIONADO.png","type":"image\/png"}],"author":"Ferrogal - Ferreteria online","twitter_card":"summary_large_image","twitter_creator":"@ferrogal","twitter_site":"@ferrogal","twitter_misc":{"Escrito por":"Ferrogal - Ferreteria online","Tiempo de lectura":"2 minutos"},"schema":{"@context":"https:\/\/schema.org","@graph":[{"@type":"Article","@id":"https:\/\/www.ferrogal.com\/blog\/2022\/05\/21\/aire-acondicionado-portatil-la-mejor-solucion-sin-instalacion\/#article","isPartOf":{"@id":"https:\/\/www.ferrogal.com\/blog\/2022\/05\/21\/aire-acondicionado-portatil-la-mejor-solucion-sin-instalacion\/"},"author":{"name":"Ferrogal - Ferreteria online","@id":"https:\/\/www.ferrogal.com\/blog\/#\/schema\/person\/743e4c8308fe1ee9b1cad155d7ad4e1d"},"headline":"Aire acondicionado port\u00e1til la mejor soluci\u00f3n sin instalaci\u00f3n","datePublished":"2022-05-21T11:13:53+00:00","dateModified":"2022-06-16T09:14:49+00:00","mainEntityOfPage":{"@id":"https:\/\/www.ferrogal.com\/blog\/2022\/05\/21\/aire-acondicionado-portatil-la-mejor-solucion-sin-instalacion\/"},"wordCount":319,"commentCount":0,"publisher":{"@id":"https:\/\/www.ferrogal.com\/blog\/#organization"},"image":{"@id":"https:\/\/www.ferrogal.com\/blog\/2022\/05\/21\/aire-acondicionado-portatil-la-mejor-solucion-sin-instalacion\/#primaryimage"},"thumbnailUrl":"https:\/\/www.ferrogal.com\/blog\/wp-content\/uploads\/2022\/05\/AIRE-ACONDICIONADO.png","articleSection":["Ventilaci\u00f3n"],"inLanguage":"es","potentialAction":[{"@type":"CommentAction","name":"Comment","target":["https:\/\/www.ferrogal.com\/blog\/2022\/05\/21\/aire-acondicionado-portatil-la-mejor-solucion-sin-instalacion\/#respond"]}]},{"@type":"WebPage","@id":"https:\/\/www.ferrogal.com\/blog\/2022\/05\/21\/aire-acondicionado-portatil-la-mejor-solucion-sin-instalacion\/","url":"https:\/\/www.ferrogal.com\/blog\/2022\/05\/21\/aire-acondicionado-portatil-la-mejor-solucion-sin-instalacion\/","name":"Aire acondicionado port\u00e1til la mejor soluci\u00f3n sin instalaci\u00f3n - Ferreter\u00eda Ferrogal","isPartOf":{"@id":"https:\/\/www.ferrogal.com\/blog\/#website"},"primaryImageOfPage":{"@id":"https:\/\/www.ferrogal.com\/blog\/2022\/05\/21\/aire-acondicionado-portatil-la-mejor-solucion-sin-instalacion\/#primaryimage"},"image":{"@id":"https:\/\/www.ferrogal.com\/blog\/2022\/05\/21\/aire-acondicionado-portatil-la-mejor-solucion-sin-instalacion\/#primaryimage"},"thumbnailUrl":"https:\/\/www.ferrogal.com\/blog\/wp-content\/uploads\/2022\/05\/AIRE-ACONDICIONADO.png","datePublished":"2022-05-21T11:13:53+00:00","dateModified":"2022-06-16T09:14:49+00:00","breadcrumb":{"@id":"https:\/\/www.ferrogal.com\/blog\/2022\/05\/21\/aire-acondicionado-portatil-la-mejor-solucion-sin-instalacion\/#breadcrumb"},"inLanguage":"es","potentialAction":[{"@type":"ReadAction","target":["https:\/\/www.ferrogal.com\/blog\/2022\/05\/21\/aire-acondicionado-portatil-la-mejor-solucion-sin-instalacion\/"]}]},{"@type":"ImageObject","inLanguage":"es","@id":"https:\/\/www.ferrogal.com\/blog\/2022\/05\/21\/aire-acondicionado-portatil-la-mejor-solucion-sin-instalacion\/#primaryimage","url":"https:\/\/www.ferrogal.com\/blog\/wp-content\/uploads\/2022\/05\/AIRE-ACONDICIONADO.png","contentUrl":"https:\/\/www.ferrogal.com\/blog\/wp-content\/uploads\/2022\/05\/AIRE-ACONDICIONADO.png","width":1489,"height":535,"caption":"AIRE ACONDICIONADO"},{"@type":"BreadcrumbList","@id":"https:\/\/www.ferrogal.com\/blog\/2022\/05\/21\/aire-acondicionado-portatil-la-mejor-solucion-sin-instalacion\/#breadcrumb","itemListElement":[{"@type":"ListItem","position":1,"name":"Portada","item":"https:\/\/www.ferrogal.com\/blog\/"},{"@type":"ListItem","position":2,"name":"Ventilaci\u00f3n","item":"https:\/\/www.ferrogal.com\/blog\/category\/ventilacion\/"},{"@type":"ListItem","position":3,"name":"Aire acondicionado port\u00e1til la mejor soluci\u00f3n sin instalaci\u00f3n"}]},{"@type":"WebSite","@id":"https:\/\/www.ferrogal.com\/blog\/#website","url":"https:\/\/www.ferrogal.com\/blog\/","name":"Ferreter\u00eda Ferrogal","description":"Zamora 980 519 720 \/ 980 526 018","publisher":{"@id":"https:\/\/www.ferrogal.com\/blog\/#organization"},"potentialAction":[{"@type":"SearchAction","target":{"@type":"EntryPoint","urlTemplate":"https:\/\/www.ferrogal.com\/blog\/?s={search_term_string}"},"query-input":{"@type":"PropertyValueSpecification","valueRequired":true,"valueName":"search_term_string"}}],"inLanguage":"es"},{"@type":"Organization","@id":"https:\/\/www.ferrogal.com\/blog\/#organization","name":"Ferreter\u00edas Ferrogal","url":"https:\/\/www.ferrogal.com\/blog\/","logo":{"@type":"ImageObject","inLanguage":"es","@id":"https:\/\/www.ferrogal.com\/blog\/#\/schema\/logo\/image\/","url":"https:\/\/www.ferrogal.com\/blog\/wp-content\/uploads\/2022\/05\/logo.png","contentUrl":"https:\/\/www.ferrogal.com\/blog\/wp-content\/uploads\/2022\/05\/logo.png","width":250,"height":53,"caption":"Ferreter\u00edas Ferrogal"},"image":{"@id":"https:\/\/www.ferrogal.com\/blog\/#\/schema\/logo\/image\/"},"sameAs":["https:\/\/www.facebook.com\/FERROGAL","https:\/\/x.com\/ferrogal","https:\/\/www.youtube.com\/user\/jcpgalan?feature=CBIQwRs="]},{"@type":"Person","@id":"https:\/\/www.ferrogal.com\/blog\/#\/schema\/person\/743e4c8308fe1ee9b1cad155d7ad4e1d","name":"Ferrogal - Ferreteria online"}]}},"_links":{"self":[{"href":"https:\/\/www.ferrogal.com\/blog\/wp-json\/wp\/v2\/posts\/1538","targetHints":{"allow":["GET"]}}],"collection":[{"href":"https:\/\/www.ferrogal.com\/blog\/wp-json\/wp\/v2\/posts"}],"about":[{"href":"https:\/\/www.ferrogal.com\/blog\/wp-json\/wp\/v2\/types\/post"}],"author":[{"embeddable":true,"href":"https:\/\/www.ferrogal.com\/blog\/wp-json\/wp\/v2\/users\/1"}],"replies":[{"embeddable":true,"href":"https:\/\/www.ferrogal.com\/blog\/wp-json\/wp\/v2\/comments?post=1538"}],"version-history":[{"count":0,"href":"https:\/\/www.ferrogal.com\/blog\/wp-json\/wp\/v2\/posts\/1538\/revisions"}],"wp:featuredmedia":[{"embeddable":true,"href":"https:\/\/www.ferrogal.com\/blog\/wp-json\/wp\/v2\/media\/1539"}],"wp:attachment":[{"href":"https:\/\/www.ferrogal.com\/blog\/wp-json\/wp\/v2\/media?parent=1538"}],"wp:term":[{"taxonomy":"category","embeddable":true,"href":"https:\/\/www.ferrogal.com\/blog\/wp-json\/wp\/v2\/categories?post=1538"},{"taxonomy":"post_tag","embeddable":true,"href":"https:\/\/www.ferrogal.com\/blog\/wp-json\/wp\/v2\/tags?post=1538"}],"curies":[{"name":"wp","href":"https:\/\/api.w.org\/{rel}","templated":true}]}}