{"id":1355,"date":"2021-01-13T08:18:59","date_gmt":"2021-01-13T06:18:59","guid":{"rendered":"https:\/\/www.ferrogal.com\/blog\/?p=1355"},"modified":"2024-02-26T17:43:38","modified_gmt":"2024-02-26T16:43:38","slug":"tengo-que-elegir-un-brasero-electrico-por-cual-me-decido","status":"publish","type":"post","link":"https:\/\/www.ferrogal.com\/blog\/2021\/01\/13\/tengo-que-elegir-un-brasero-electrico-por-cual-me-decido\/","title":{"rendered":"Tengo que elegir un brasero el\u00e9ctrico \u00bfpor cu\u00e1l me decido?"},"content":{"rendered":"<p>Para nosotros el<a href=\"https:\/\/www.ferrogal.com\/familia\/radiadoresplacasbraseros_1189.html?brand=1262-&amp;category=&amp;pmin=&amp;pmax=&amp;order=0\"> mejor brasero el\u00e9ctrico<\/a> que puedes comprar en el mercado, no s\u00f3lo por su calidad, su precio y porque se fabrica en la Espa\u00f1a vaciada concretamente en Zamora es este <a href=\"https:\/\/www.ferrogal.com\/familia\/radiadoresplacasbraseros_1189.html?brand=1262-&amp;category=&amp;pmin=&amp;pmax=&amp;order=0\">brasero de el\u00e9ctrico<\/a> (Lamker; Mave) que tiene 4 niveles de potencia que lo hacen \u00fanico en el mercado.<\/p>\n<p><img fetchpriority=\"high\" decoding=\"async\" class=\"aligncenter size-full wp-image-1660\" src=\"https:\/\/www.ferrogal.com\/blog\/wp-content\/uploads\/2021\/01\/braseros-300x225-1.jpg\" alt=\"\" width=\"300\" height=\"225\" \/><\/p>\n<p><strong>\u00a0\u00bfQu\u00e9 consigues con estos 4 niveles de potencia?<\/strong><\/p>\n<p>Pues algo muy importante que es adaptar el consumo y el calor a la necesidad de cada momento<\/p>\n<p>No es lo mismo el calor que necesitas en primavera u oto\u00f1o cuando todav\u00eda no hace mucho frio y por tanto las calefacciones est\u00e1n apagadas que en invierno cuando el frio achucha. Tampoco es lo mismo el calor que necesita una persona joven o una persona mayor o el calor que se necesita cuando estamos s\u00f3lo uno sentado a la camilla que cuando hay m\u00e1s personas.<\/p>\n<p>Pues gracias a su sistema, llamado vulgarmente de calor negro, es decir, que dispone de una potencia de bajo consumo (250W.) y poco calor y a las otras 3 potencias que tiene 500W, 700w. y 900w. podemos adaptarlo a las necesidades concretas de cada momento<\/p>\n<p><strong>\u00bfC\u00f3mo puedo seleccionar el calor que necesito?<\/strong><\/p>\n<p>Las potencias se seleccionan con dos interruptores que est\u00e1n en el mismo brasero<\/p>\n<p>1\u00aa Posici\u00f3n de calor negro o bajo consumo. Colocamos los dos interruptores en la posici\u00f3n 0, con esta selecci\u00f3n conseguimos un calor suave y agradable con un consumo de 250w.<\/p>\n<p>2\u00aa Posici\u00f3n con el interruptor I pulsado y el II en 0: conseguimos un calor medido con un consumo de 500w.<\/p>\n<p>3\u00aa Posici\u00f3n con el interruptor II pulsado y el I en 0: conseguimos una calor medio alto con un consumo de 700w.<\/p>\n<p>4\u00aa Posici\u00f3n con los dos interruptores pulsados (I y II): conseguimos el m\u00e1ximo calor con un consumo de 900w.<\/p>\n<p>La mejor forma de saber en cada momento que\u00a0 posici\u00f3n tenemos seleccionada no es mirando el interruptor sino fij\u00e1ndote en el color de las resistencias.<\/p>\n<ul>\n<li>calor Negro (250W.) las resistencias est\u00e1n sonrosadas<\/li>\n<li>posici\u00f3n de 500W. una resistencia (la m\u00e1s peque\u00f1a) est\u00e1 encendida,<\/li>\n<li>posici\u00f3n de 700W. la resistencia mayor es la que se ve encendida<\/li>\n<li>900W se ven las dos resistencias encendidas<\/li>\n<\/ul>\n<p>Hay que tener en cuenta que los braseros dan un calor muy cercado, se suele utilizar en camillas ya que no es adecuado para calentar estancias, tambi\u00e9n hay que tener en cuenta que la resistencia no es completamente circular sino que hay una zona del brasero cuando este se enciende que no se ve de color rojo ya que es la zona donde la resistencia se conecta a los cables.<\/p>\n<p>Otra cosa que hay que tener en cuenta que la primera vez que se conecte el brasero a la red el\u00e9ctrica es posible que aparezca humos y olores que desaparecer\u00e1n al cabo de unos segundos, por lo que no debe ser motivo de alarma ni de mal funcionamiento del aparato, se debe a que los barnices y pinturas utilizados se queman al encenderse las resistencias.<\/p>\n<p>Y por \u00faltimo tener en cuenta que siempre que el<a href=\"https:\/\/www.ferrogal.com\/familia\/radiadoresplacasbraseros_1189.html?brand=1262-&amp;category=&amp;pmin=&amp;pmax=&amp;order=0\"> brasero<\/a> est\u00e1 enchufado\u00a0 est\u00e1 funcionando, con lo que es imprescindible desconectarlo de la corriente el\u00e9ctrica para apagarlo, una forma c\u00f3moda es enchufar el brasero a una <a href=\"https:\/\/www.ferrogal.com\/articulo\/base-multiple-3x15mm-15mt-4t-tt-int-famat_47061.html\">regleta<\/a> con interruptor y utilizar este interruptor para encender o apagar el brasero<\/p>\n","protected":false},"excerpt":{"rendered":"<p>Para nosotros el mejor brasero el\u00e9ctrico que puedes comprar en el mercado, no s\u00f3lo por su calidad, su precio y porque se fabrica en la Espa\u00f1a vaciada concretamente en Zamora es este brasero de el\u00e9ctrico (Lamker; Mave) que tiene 4 niveles de potencia que lo hacen \u00fanico en el mercado. \u00a0\u00bfQu\u00e9 consigues con estos 4 [&hellip;]<\/p>\n","protected":false},"author":1,"featured_media":1661,"comment_status":"open","ping_status":"open","sticky":false,"template":"","format":"standard","meta":{"footnotes":""},"categories":[8],"tags":[99,46],"class_list":["post-1355","post","type-post","status-publish","format-standard","has-post-thumbnail","hentry","category-calefaccion","tag-braseros","tag-calefaccion-2"],"yoast_head":"<!-- This site is optimized with the Yoast SEO plugin v27.4 - https:\/\/yoast.com\/product\/yoast-seo-wordpress\/ -->\n<title>Tengo que elegir un brasero el\u00e9ctrico \u00bfpor cu\u00e1l me decido? - Ferreter\u00eda Ferrogal<\/title>\n<meta name=\"robots\" content=\"index, follow, max-snippet:-1, max-image-preview:large, max-video-preview:-1\" \/>\n<link rel=\"canonical\" href=\"https:\/\/www.ferrogal.com\/blog\/2021\/01\/13\/tengo-que-elegir-un-brasero-electrico-por-cual-me-decido\/\" \/>\n<meta property=\"og:locale\" content=\"es_ES\" \/>\n<meta property=\"og:type\" content=\"article\" \/>\n<meta property=\"og:title\" content=\"Tengo que elegir un brasero el\u00e9ctrico \u00bfpor cu\u00e1l me decido? - Ferreter\u00eda Ferrogal\" \/>\n<meta property=\"og:description\" content=\"Para nosotros el mejor brasero el\u00e9ctrico que puedes comprar en el mercado, no s\u00f3lo por su calidad, su precio y porque se fabrica en la Espa\u00f1a vaciada concretamente en Zamora es este brasero de el\u00e9ctrico (Lamker; Mave) que tiene 4 niveles de potencia que lo hacen \u00fanico en el mercado. \u00a0\u00bfQu\u00e9 consigues con estos 4 [&hellip;]\" \/>\n<meta property=\"og:url\" content=\"https:\/\/www.ferrogal.com\/blog\/2021\/01\/13\/tengo-que-elegir-un-brasero-electrico-por-cual-me-decido\/\" \/>\n<meta property=\"og:site_name\" content=\"Ferreter\u00eda Ferrogal\" \/>\n<meta property=\"article:publisher\" content=\"https:\/\/www.facebook.com\/FERROGAL\" \/>\n<meta property=\"article:published_time\" content=\"2021-01-13T06:18:59+00:00\" \/>\n<meta property=\"article:modified_time\" content=\"2024-02-26T16:43:38+00:00\" \/>\n<meta property=\"og:image\" content=\"https:\/\/www.ferrogal.com\/blog\/wp-content\/uploads\/2021\/01\/sp-brasero-electrico-bn4-4-potencias-rojo.jpg\" \/>\n\t<meta property=\"og:image:width\" content=\"1050\" \/>\n\t<meta property=\"og:image:height\" content=\"814\" \/>\n\t<meta property=\"og:image:type\" content=\"image\/jpeg\" \/>\n<meta name=\"author\" content=\"Ferrogal - Ferreteria online\" \/>\n<meta name=\"twitter:card\" content=\"summary_large_image\" \/>\n<meta name=\"twitter:creator\" content=\"@ferrogal\" \/>\n<meta name=\"twitter:site\" content=\"@ferrogal\" \/>\n<meta name=\"twitter:label1\" content=\"Escrito por\" \/>\n\t<meta name=\"twitter:data1\" content=\"Ferrogal - Ferreteria online\" \/>\n\t<meta name=\"twitter:label2\" content=\"Tiempo de lectura\" \/>\n\t<meta name=\"twitter:data2\" content=\"3 minutos\" \/>\n<script type=\"application\/ld+json\" class=\"yoast-schema-graph\">{\"@context\":\"https:\\\/\\\/schema.org\",\"@graph\":[{\"@type\":\"Article\",\"@id\":\"https:\\\/\\\/www.ferrogal.com\\\/blog\\\/2021\\\/01\\\/13\\\/tengo-que-elegir-un-brasero-electrico-por-cual-me-decido\\\/#article\",\"isPartOf\":{\"@id\":\"https:\\\/\\\/www.ferrogal.com\\\/blog\\\/2021\\\/01\\\/13\\\/tengo-que-elegir-un-brasero-electrico-por-cual-me-decido\\\/\"},\"author\":{\"name\":\"Ferrogal - Ferreteria online\",\"@id\":\"https:\\\/\\\/www.ferrogal.com\\\/blog\\\/#\\\/schema\\\/person\\\/743e4c8308fe1ee9b1cad155d7ad4e1d\"},\"headline\":\"Tengo que elegir un brasero el\u00e9ctrico \u00bfpor cu\u00e1l me decido?\",\"datePublished\":\"2021-01-13T06:18:59+00:00\",\"dateModified\":\"2024-02-26T16:43:38+00:00\",\"mainEntityOfPage\":{\"@id\":\"https:\\\/\\\/www.ferrogal.com\\\/blog\\\/2021\\\/01\\\/13\\\/tengo-que-elegir-un-brasero-electrico-por-cual-me-decido\\\/\"},\"wordCount\":576,\"commentCount\":0,\"publisher\":{\"@id\":\"https:\\\/\\\/www.ferrogal.com\\\/blog\\\/#organization\"},\"image\":{\"@id\":\"https:\\\/\\\/www.ferrogal.com\\\/blog\\\/2021\\\/01\\\/13\\\/tengo-que-elegir-un-brasero-electrico-por-cual-me-decido\\\/#primaryimage\"},\"thumbnailUrl\":\"https:\\\/\\\/www.ferrogal.com\\\/blog\\\/wp-content\\\/uploads\\\/2021\\\/01\\\/sp-brasero-electrico-bn4-4-potencias-rojo.jpg\",\"keywords\":[\"braseros\",\"calefaccion\"],\"articleSection\":[\"Calefacci\u00f3n\"],\"inLanguage\":\"es\",\"potentialAction\":[{\"@type\":\"CommentAction\",\"name\":\"Comment\",\"target\":[\"https:\\\/\\\/www.ferrogal.com\\\/blog\\\/2021\\\/01\\\/13\\\/tengo-que-elegir-un-brasero-electrico-por-cual-me-decido\\\/#respond\"]}]},{\"@type\":\"WebPage\",\"@id\":\"https:\\\/\\\/www.ferrogal.com\\\/blog\\\/2021\\\/01\\\/13\\\/tengo-que-elegir-un-brasero-electrico-por-cual-me-decido\\\/\",\"url\":\"https:\\\/\\\/www.ferrogal.com\\\/blog\\\/2021\\\/01\\\/13\\\/tengo-que-elegir-un-brasero-electrico-por-cual-me-decido\\\/\",\"name\":\"Tengo que elegir un brasero el\u00e9ctrico \u00bfpor cu\u00e1l me decido? - Ferreter\u00eda Ferrogal\",\"isPartOf\":{\"@id\":\"https:\\\/\\\/www.ferrogal.com\\\/blog\\\/#website\"},\"primaryImageOfPage\":{\"@id\":\"https:\\\/\\\/www.ferrogal.com\\\/blog\\\/2021\\\/01\\\/13\\\/tengo-que-elegir-un-brasero-electrico-por-cual-me-decido\\\/#primaryimage\"},\"image\":{\"@id\":\"https:\\\/\\\/www.ferrogal.com\\\/blog\\\/2021\\\/01\\\/13\\\/tengo-que-elegir-un-brasero-electrico-por-cual-me-decido\\\/#primaryimage\"},\"thumbnailUrl\":\"https:\\\/\\\/www.ferrogal.com\\\/blog\\\/wp-content\\\/uploads\\\/2021\\\/01\\\/sp-brasero-electrico-bn4-4-potencias-rojo.jpg\",\"datePublished\":\"2021-01-13T06:18:59+00:00\",\"dateModified\":\"2024-02-26T16:43:38+00:00\",\"breadcrumb\":{\"@id\":\"https:\\\/\\\/www.ferrogal.com\\\/blog\\\/2021\\\/01\\\/13\\\/tengo-que-elegir-un-brasero-electrico-por-cual-me-decido\\\/#breadcrumb\"},\"inLanguage\":\"es\",\"potentialAction\":[{\"@type\":\"ReadAction\",\"target\":[\"https:\\\/\\\/www.ferrogal.com\\\/blog\\\/2021\\\/01\\\/13\\\/tengo-que-elegir-un-brasero-electrico-por-cual-me-decido\\\/\"]}]},{\"@type\":\"ImageObject\",\"inLanguage\":\"es\",\"@id\":\"https:\\\/\\\/www.ferrogal.com\\\/blog\\\/2021\\\/01\\\/13\\\/tengo-que-elegir-un-brasero-electrico-por-cual-me-decido\\\/#primaryimage\",\"url\":\"https:\\\/\\\/www.ferrogal.com\\\/blog\\\/wp-content\\\/uploads\\\/2021\\\/01\\\/sp-brasero-electrico-bn4-4-potencias-rojo.jpg\",\"contentUrl\":\"https:\\\/\\\/www.ferrogal.com\\\/blog\\\/wp-content\\\/uploads\\\/2021\\\/01\\\/sp-brasero-electrico-bn4-4-potencias-rojo.jpg\",\"width\":1050,\"height\":814},{\"@type\":\"BreadcrumbList\",\"@id\":\"https:\\\/\\\/www.ferrogal.com\\\/blog\\\/2021\\\/01\\\/13\\\/tengo-que-elegir-un-brasero-electrico-por-cual-me-decido\\\/#breadcrumb\",\"itemListElement\":[{\"@type\":\"ListItem\",\"position\":1,\"name\":\"Portada\",\"item\":\"https:\\\/\\\/www.ferrogal.com\\\/blog\\\/\"},{\"@type\":\"ListItem\",\"position\":2,\"name\":\"Calefacci\u00f3n\",\"item\":\"https:\\\/\\\/www.ferrogal.com\\\/blog\\\/category\\\/calefaccion\\\/\"},{\"@type\":\"ListItem\",\"position\":3,\"name\":\"Tengo que elegir un brasero el\u00e9ctrico \u00bfpor cu\u00e1l me decido?\"}]},{\"@type\":\"WebSite\",\"@id\":\"https:\\\/\\\/www.ferrogal.com\\\/blog\\\/#website\",\"url\":\"https:\\\/\\\/www.ferrogal.com\\\/blog\\\/\",\"name\":\"Ferreter\u00eda Ferrogal\",\"description\":\"Zamora 980 519 720 \\\/ 980 526 018\",\"publisher\":{\"@id\":\"https:\\\/\\\/www.ferrogal.com\\\/blog\\\/#organization\"},\"potentialAction\":[{\"@type\":\"SearchAction\",\"target\":{\"@type\":\"EntryPoint\",\"urlTemplate\":\"https:\\\/\\\/www.ferrogal.com\\\/blog\\\/?s={search_term_string}\"},\"query-input\":{\"@type\":\"PropertyValueSpecification\",\"valueRequired\":true,\"valueName\":\"search_term_string\"}}],\"inLanguage\":\"es\"},{\"@type\":\"Organization\",\"@id\":\"https:\\\/\\\/www.ferrogal.com\\\/blog\\\/#organization\",\"name\":\"Ferreter\u00edas Ferrogal\",\"url\":\"https:\\\/\\\/www.ferrogal.com\\\/blog\\\/\",\"logo\":{\"@type\":\"ImageObject\",\"inLanguage\":\"es\",\"@id\":\"https:\\\/\\\/www.ferrogal.com\\\/blog\\\/#\\\/schema\\\/logo\\\/image\\\/\",\"url\":\"https:\\\/\\\/www.ferrogal.com\\\/blog\\\/wp-content\\\/uploads\\\/2022\\\/05\\\/logo.png\",\"contentUrl\":\"https:\\\/\\\/www.ferrogal.com\\\/blog\\\/wp-content\\\/uploads\\\/2022\\\/05\\\/logo.png\",\"width\":250,\"height\":53,\"caption\":\"Ferreter\u00edas Ferrogal\"},\"image\":{\"@id\":\"https:\\\/\\\/www.ferrogal.com\\\/blog\\\/#\\\/schema\\\/logo\\\/image\\\/\"},\"sameAs\":[\"https:\\\/\\\/www.facebook.com\\\/FERROGAL\",\"https:\\\/\\\/x.com\\\/ferrogal\",\"https:\\\/\\\/www.youtube.com\\\/user\\\/jcpgalan?feature=CBIQwRs=\"]},{\"@type\":\"Person\",\"@id\":\"https:\\\/\\\/www.ferrogal.com\\\/blog\\\/#\\\/schema\\\/person\\\/743e4c8308fe1ee9b1cad155d7ad4e1d\",\"name\":\"Ferrogal - Ferreteria online\"}]}<\/script>\n<!-- \/ Yoast SEO plugin. -->","yoast_head_json":{"title":"Tengo que elegir un brasero el\u00e9ctrico \u00bfpor cu\u00e1l me decido? - Ferreter\u00eda Ferrogal","robots":{"index":"index","follow":"follow","max-snippet":"max-snippet:-1","max-image-preview":"max-image-preview:large","max-video-preview":"max-video-preview:-1"},"canonical":"https:\/\/www.ferrogal.com\/blog\/2021\/01\/13\/tengo-que-elegir-un-brasero-electrico-por-cual-me-decido\/","og_locale":"es_ES","og_type":"article","og_title":"Tengo que elegir un brasero el\u00e9ctrico \u00bfpor cu\u00e1l me decido? - Ferreter\u00eda Ferrogal","og_description":"Para nosotros el mejor brasero el\u00e9ctrico que puedes comprar en el mercado, no s\u00f3lo por su calidad, su precio y porque se fabrica en la Espa\u00f1a vaciada concretamente en Zamora es este brasero de el\u00e9ctrico (Lamker; Mave) que tiene 4 niveles de potencia que lo hacen \u00fanico en el mercado. \u00a0\u00bfQu\u00e9 consigues con estos 4 [&hellip;]","og_url":"https:\/\/www.ferrogal.com\/blog\/2021\/01\/13\/tengo-que-elegir-un-brasero-electrico-por-cual-me-decido\/","og_site_name":"Ferreter\u00eda Ferrogal","article_publisher":"https:\/\/www.facebook.com\/FERROGAL","article_published_time":"2021-01-13T06:18:59+00:00","article_modified_time":"2024-02-26T16:43:38+00:00","og_image":[{"width":1050,"height":814,"url":"https:\/\/www.ferrogal.com\/blog\/wp-content\/uploads\/2021\/01\/sp-brasero-electrico-bn4-4-potencias-rojo.jpg","type":"image\/jpeg"}],"author":"Ferrogal - Ferreteria online","twitter_card":"summary_large_image","twitter_creator":"@ferrogal","twitter_site":"@ferrogal","twitter_misc":{"Escrito por":"Ferrogal - Ferreteria online","Tiempo de lectura":"3 minutos"},"schema":{"@context":"https:\/\/schema.org","@graph":[{"@type":"Article","@id":"https:\/\/www.ferrogal.com\/blog\/2021\/01\/13\/tengo-que-elegir-un-brasero-electrico-por-cual-me-decido\/#article","isPartOf":{"@id":"https:\/\/www.ferrogal.com\/blog\/2021\/01\/13\/tengo-que-elegir-un-brasero-electrico-por-cual-me-decido\/"},"author":{"name":"Ferrogal - Ferreteria online","@id":"https:\/\/www.ferrogal.com\/blog\/#\/schema\/person\/743e4c8308fe1ee9b1cad155d7ad4e1d"},"headline":"Tengo que elegir un brasero el\u00e9ctrico \u00bfpor cu\u00e1l me decido?","datePublished":"2021-01-13T06:18:59+00:00","dateModified":"2024-02-26T16:43:38+00:00","mainEntityOfPage":{"@id":"https:\/\/www.ferrogal.com\/blog\/2021\/01\/13\/tengo-que-elegir-un-brasero-electrico-por-cual-me-decido\/"},"wordCount":576,"commentCount":0,"publisher":{"@id":"https:\/\/www.ferrogal.com\/blog\/#organization"},"image":{"@id":"https:\/\/www.ferrogal.com\/blog\/2021\/01\/13\/tengo-que-elegir-un-brasero-electrico-por-cual-me-decido\/#primaryimage"},"thumbnailUrl":"https:\/\/www.ferrogal.com\/blog\/wp-content\/uploads\/2021\/01\/sp-brasero-electrico-bn4-4-potencias-rojo.jpg","keywords":["braseros","calefaccion"],"articleSection":["Calefacci\u00f3n"],"inLanguage":"es","potentialAction":[{"@type":"CommentAction","name":"Comment","target":["https:\/\/www.ferrogal.com\/blog\/2021\/01\/13\/tengo-que-elegir-un-brasero-electrico-por-cual-me-decido\/#respond"]}]},{"@type":"WebPage","@id":"https:\/\/www.ferrogal.com\/blog\/2021\/01\/13\/tengo-que-elegir-un-brasero-electrico-por-cual-me-decido\/","url":"https:\/\/www.ferrogal.com\/blog\/2021\/01\/13\/tengo-que-elegir-un-brasero-electrico-por-cual-me-decido\/","name":"Tengo que elegir un brasero el\u00e9ctrico \u00bfpor cu\u00e1l me decido? - Ferreter\u00eda Ferrogal","isPartOf":{"@id":"https:\/\/www.ferrogal.com\/blog\/#website"},"primaryImageOfPage":{"@id":"https:\/\/www.ferrogal.com\/blog\/2021\/01\/13\/tengo-que-elegir-un-brasero-electrico-por-cual-me-decido\/#primaryimage"},"image":{"@id":"https:\/\/www.ferrogal.com\/blog\/2021\/01\/13\/tengo-que-elegir-un-brasero-electrico-por-cual-me-decido\/#primaryimage"},"thumbnailUrl":"https:\/\/www.ferrogal.com\/blog\/wp-content\/uploads\/2021\/01\/sp-brasero-electrico-bn4-4-potencias-rojo.jpg","datePublished":"2021-01-13T06:18:59+00:00","dateModified":"2024-02-26T16:43:38+00:00","breadcrumb":{"@id":"https:\/\/www.ferrogal.com\/blog\/2021\/01\/13\/tengo-que-elegir-un-brasero-electrico-por-cual-me-decido\/#breadcrumb"},"inLanguage":"es","potentialAction":[{"@type":"ReadAction","target":["https:\/\/www.ferrogal.com\/blog\/2021\/01\/13\/tengo-que-elegir-un-brasero-electrico-por-cual-me-decido\/"]}]},{"@type":"ImageObject","inLanguage":"es","@id":"https:\/\/www.ferrogal.com\/blog\/2021\/01\/13\/tengo-que-elegir-un-brasero-electrico-por-cual-me-decido\/#primaryimage","url":"https:\/\/www.ferrogal.com\/blog\/wp-content\/uploads\/2021\/01\/sp-brasero-electrico-bn4-4-potencias-rojo.jpg","contentUrl":"https:\/\/www.ferrogal.com\/blog\/wp-content\/uploads\/2021\/01\/sp-brasero-electrico-bn4-4-potencias-rojo.jpg","width":1050,"height":814},{"@type":"BreadcrumbList","@id":"https:\/\/www.ferrogal.com\/blog\/2021\/01\/13\/tengo-que-elegir-un-brasero-electrico-por-cual-me-decido\/#breadcrumb","itemListElement":[{"@type":"ListItem","position":1,"name":"Portada","item":"https:\/\/www.ferrogal.com\/blog\/"},{"@type":"ListItem","position":2,"name":"Calefacci\u00f3n","item":"https:\/\/www.ferrogal.com\/blog\/category\/calefaccion\/"},{"@type":"ListItem","position":3,"name":"Tengo que elegir un brasero el\u00e9ctrico \u00bfpor cu\u00e1l me decido?"}]},{"@type":"WebSite","@id":"https:\/\/www.ferrogal.com\/blog\/#website","url":"https:\/\/www.ferrogal.com\/blog\/","name":"Ferreter\u00eda Ferrogal","description":"Zamora 980 519 720 \/ 980 526 018","publisher":{"@id":"https:\/\/www.ferrogal.com\/blog\/#organization"},"potentialAction":[{"@type":"SearchAction","target":{"@type":"EntryPoint","urlTemplate":"https:\/\/www.ferrogal.com\/blog\/?s={search_term_string}"},"query-input":{"@type":"PropertyValueSpecification","valueRequired":true,"valueName":"search_term_string"}}],"inLanguage":"es"},{"@type":"Organization","@id":"https:\/\/www.ferrogal.com\/blog\/#organization","name":"Ferreter\u00edas Ferrogal","url":"https:\/\/www.ferrogal.com\/blog\/","logo":{"@type":"ImageObject","inLanguage":"es","@id":"https:\/\/www.ferrogal.com\/blog\/#\/schema\/logo\/image\/","url":"https:\/\/www.ferrogal.com\/blog\/wp-content\/uploads\/2022\/05\/logo.png","contentUrl":"https:\/\/www.ferrogal.com\/blog\/wp-content\/uploads\/2022\/05\/logo.png","width":250,"height":53,"caption":"Ferreter\u00edas Ferrogal"},"image":{"@id":"https:\/\/www.ferrogal.com\/blog\/#\/schema\/logo\/image\/"},"sameAs":["https:\/\/www.facebook.com\/FERROGAL","https:\/\/x.com\/ferrogal","https:\/\/www.youtube.com\/user\/jcpgalan?feature=CBIQwRs="]},{"@type":"Person","@id":"https:\/\/www.ferrogal.com\/blog\/#\/schema\/person\/743e4c8308fe1ee9b1cad155d7ad4e1d","name":"Ferrogal - Ferreteria online"}]}},"_links":{"self":[{"href":"https:\/\/www.ferrogal.com\/blog\/wp-json\/wp\/v2\/posts\/1355","targetHints":{"allow":["GET"]}}],"collection":[{"href":"https:\/\/www.ferrogal.com\/blog\/wp-json\/wp\/v2\/posts"}],"about":[{"href":"https:\/\/www.ferrogal.com\/blog\/wp-json\/wp\/v2\/types\/post"}],"author":[{"embeddable":true,"href":"https:\/\/www.ferrogal.com\/blog\/wp-json\/wp\/v2\/users\/1"}],"replies":[{"embeddable":true,"href":"https:\/\/www.ferrogal.com\/blog\/wp-json\/wp\/v2\/comments?post=1355"}],"version-history":[{"count":0,"href":"https:\/\/www.ferrogal.com\/blog\/wp-json\/wp\/v2\/posts\/1355\/revisions"}],"wp:featuredmedia":[{"embeddable":true,"href":"https:\/\/www.ferrogal.com\/blog\/wp-json\/wp\/v2\/media\/1661"}],"wp:attachment":[{"href":"https:\/\/www.ferrogal.com\/blog\/wp-json\/wp\/v2\/media?parent=1355"}],"wp:term":[{"taxonomy":"category","embeddable":true,"href":"https:\/\/www.ferrogal.com\/blog\/wp-json\/wp\/v2\/categories?post=1355"},{"taxonomy":"post_tag","embeddable":true,"href":"https:\/\/www.ferrogal.com\/blog\/wp-json\/wp\/v2\/tags?post=1355"}],"curies":[{"name":"wp","href":"https:\/\/api.w.org\/{rel}","templated":true}]}}