{"id":1269,"date":"2017-04-28T17:09:37","date_gmt":"2017-04-28T15:09:37","guid":{"rendered":"http:\/\/www.ferrogal.com\/blog\/?p=1269"},"modified":"2017-04-28T17:12:39","modified_gmt":"2017-04-28T15:12:39","slug":"catalogo-profesional-primavera-2017-de-comafe","status":"publish","type":"post","link":"https:\/\/www.ferrogal.com\/blog\/2017\/04\/28\/catalogo-profesional-primavera-2017-de-comafe\/","title":{"rendered":"Catalogo profesional primavera 2017 de Comafe"},"content":{"rendered":"<p>El nuevo cat\u00e1logo de Comafe destinado al Profesional arranca el d\u00eda 22 de abril y dura hasta el 23 de Junio del 2017.<\/p>\n<p>Nos presentan una revista de dise\u00f1o muy atractivo con una portada con un dise\u00f1o divertido y colorista.<\/p>\n<p><a href=\"http:\/\/www.ferrogal.com\/descargar\/descargas\/ferrokey-catalogo-profesional-primavera-2017.pdf\"><img fetchpriority=\"high\" decoding=\"async\" class=\"aligncenter size-medium wp-image-1270\" src=\"http:\/\/www.ferrogal.com\/blog\/wp-content\/uploads\/2017\/04\/ferrokey-catalogo-profesional-primavera-2017-001-212x300.jpg\" alt=\"\" width=\"212\" height=\"300\" srcset=\"https:\/\/www.ferrogal.com\/blog\/wp-content\/uploads\/2017\/04\/ferrokey-catalogo-profesional-primavera-2017-001-212x300.jpg 212w, https:\/\/www.ferrogal.com\/blog\/wp-content\/uploads\/2017\/04\/ferrokey-catalogo-profesional-primavera-2017-001-768x1086.jpg 768w, https:\/\/www.ferrogal.com\/blog\/wp-content\/uploads\/2017\/04\/ferrokey-catalogo-profesional-primavera-2017-001-724x1024.jpg 724w, https:\/\/www.ferrogal.com\/blog\/wp-content\/uploads\/2017\/04\/ferrokey-catalogo-profesional-primavera-2017-001-300x424.jpg 300w, https:\/\/www.ferrogal.com\/blog\/wp-content\/uploads\/2017\/04\/ferrokey-catalogo-profesional-primavera-2017-001.jpg 1191w\" sizes=\"(max-width: 212px) 100vw, 212px\" \/><\/a><\/p>\n<p>Entre sus 35 p\u00e1ginas a todo color vamos encontrando l\u00edneas como<\/p>\n<p>Herramientas el\u00e9ctricas en las que nos hacen una comparativa entre los distintos art\u00edculos, as\u00ed de una manera sencilla y r\u00e1pida podemos comparar las diferentes caracter\u00edsticas de taladros a bater\u00eda, el\u00e9ctricos, matillos el\u00e9ctricos, amoladoras, lijadoras, etc<\/p>\n<p>En vestuario y protecci\u00f3n laboral destacamos el gran surtido que presenta en calzado.<\/p>\n<p>Otras secciones a destacar pueden ser la relativa a herramienta manual, herramientas el\u00e9ctrica, escaleras y carretillas.<\/p>\n<p>Y siguiendo el \u00edndice que acompa\u00f1a al cat\u00e1logo puedes localizar de forma r\u00e1pida aquellos art\u00edculos que tanto te interesan.<\/p>\n<p>Como siempre puedes realizar tus comprar a trav\u00e9s de nuestra <a href=\"http:\/\/www.ferrogal.com\/index.html\">web<\/a> y te las enviamos a casa<\/p>\n<p>No lo dudes m\u00e1s y descarga el <a href=\"http:\/\/www.ferrogal.com\/descargar\/descargas\/ferrokey-catalogo-profesional-primavera-2017.pdf\">PDF<\/a><\/p>\n","protected":false},"excerpt":{"rendered":"<p>El nuevo cat\u00e1logo de Comafe destinado al Profesional arranca el d\u00eda 22 de abril y dura hasta el 23 de Junio del 2017. Nos presentan una revista de dise\u00f1o muy atractivo con una portada con un dise\u00f1o divertido y colorista. Entre sus 35 p\u00e1ginas a todo color vamos encontrando l\u00edneas como Herramientas el\u00e9ctricas en las [&hellip;]<\/p>\n","protected":false},"author":1,"featured_media":1270,"comment_status":"open","ping_status":"open","sticky":false,"template":"","format":"standard","meta":{"footnotes":""},"categories":[10,3],"tags":[13,37],"class_list":["post-1269","post","type-post","status-publish","format-standard","has-post-thumbnail","hentry","category-catalogos","category-profesional","tag-catalogo","tag-profesional-2"],"yoast_head":"<!-- This site is optimized with the Yoast SEO plugin v27.4 - https:\/\/yoast.com\/product\/yoast-seo-wordpress\/ -->\n<title>Catalogo profesional primavera 2017 de Comafe - Ferreter\u00eda Ferrogal<\/title>\n<meta name=\"robots\" content=\"index, follow, max-snippet:-1, max-image-preview:large, max-video-preview:-1\" \/>\n<link rel=\"canonical\" href=\"https:\/\/www.ferrogal.com\/blog\/2017\/04\/28\/catalogo-profesional-primavera-2017-de-comafe\/\" \/>\n<meta property=\"og:locale\" content=\"es_ES\" \/>\n<meta property=\"og:type\" content=\"article\" \/>\n<meta property=\"og:title\" content=\"Catalogo profesional primavera 2017 de Comafe - Ferreter\u00eda Ferrogal\" \/>\n<meta property=\"og:description\" content=\"El nuevo cat\u00e1logo de Comafe destinado al Profesional arranca el d\u00eda 22 de abril y dura hasta el 23 de Junio del 2017. Nos presentan una revista de dise\u00f1o muy atractivo con una portada con un dise\u00f1o divertido y colorista. Entre sus 35 p\u00e1ginas a todo color vamos encontrando l\u00edneas como Herramientas el\u00e9ctricas en las [&hellip;]\" \/>\n<meta property=\"og:url\" content=\"https:\/\/www.ferrogal.com\/blog\/2017\/04\/28\/catalogo-profesional-primavera-2017-de-comafe\/\" \/>\n<meta property=\"og:site_name\" content=\"Ferreter\u00eda Ferrogal\" \/>\n<meta property=\"article:publisher\" content=\"https:\/\/www.facebook.com\/FERROGAL\" \/>\n<meta property=\"article:published_time\" content=\"2017-04-28T15:09:37+00:00\" \/>\n<meta property=\"article:modified_time\" content=\"2017-04-28T15:12:39+00:00\" \/>\n<meta property=\"og:image\" content=\"https:\/\/www.ferrogal.com\/blog\/wp-content\/uploads\/2017\/04\/ferrokey-catalogo-profesional-primavera-2017-001.jpg\" \/>\n\t<meta property=\"og:image:width\" content=\"1191\" \/>\n\t<meta property=\"og:image:height\" content=\"1684\" \/>\n\t<meta property=\"og:image:type\" content=\"image\/jpeg\" \/>\n<meta name=\"author\" content=\"Ferrogal - Ferreteria online\" \/>\n<meta name=\"twitter:card\" content=\"summary_large_image\" \/>\n<meta name=\"twitter:creator\" content=\"@ferrogal\" \/>\n<meta name=\"twitter:site\" content=\"@ferrogal\" \/>\n<meta name=\"twitter:label1\" content=\"Escrito por\" \/>\n\t<meta name=\"twitter:data1\" content=\"Ferrogal - Ferreteria online\" \/>\n\t<meta name=\"twitter:label2\" content=\"Tiempo de lectura\" \/>\n\t<meta name=\"twitter:data2\" content=\"1 minuto\" \/>\n<script type=\"application\/ld+json\" class=\"yoast-schema-graph\">{\"@context\":\"https:\\\/\\\/schema.org\",\"@graph\":[{\"@type\":\"Article\",\"@id\":\"https:\\\/\\\/www.ferrogal.com\\\/blog\\\/2017\\\/04\\\/28\\\/catalogo-profesional-primavera-2017-de-comafe\\\/#article\",\"isPartOf\":{\"@id\":\"https:\\\/\\\/www.ferrogal.com\\\/blog\\\/2017\\\/04\\\/28\\\/catalogo-profesional-primavera-2017-de-comafe\\\/\"},\"author\":{\"name\":\"Ferrogal - Ferreteria online\",\"@id\":\"https:\\\/\\\/www.ferrogal.com\\\/blog\\\/#\\\/schema\\\/person\\\/743e4c8308fe1ee9b1cad155d7ad4e1d\"},\"headline\":\"Catalogo profesional primavera 2017 de Comafe\",\"datePublished\":\"2017-04-28T15:09:37+00:00\",\"dateModified\":\"2017-04-28T15:12:39+00:00\",\"mainEntityOfPage\":{\"@id\":\"https:\\\/\\\/www.ferrogal.com\\\/blog\\\/2017\\\/04\\\/28\\\/catalogo-profesional-primavera-2017-de-comafe\\\/\"},\"wordCount\":181,\"commentCount\":0,\"publisher\":{\"@id\":\"https:\\\/\\\/www.ferrogal.com\\\/blog\\\/#organization\"},\"image\":{\"@id\":\"https:\\\/\\\/www.ferrogal.com\\\/blog\\\/2017\\\/04\\\/28\\\/catalogo-profesional-primavera-2017-de-comafe\\\/#primaryimage\"},\"thumbnailUrl\":\"https:\\\/\\\/www.ferrogal.com\\\/blog\\\/wp-content\\\/uploads\\\/2017\\\/04\\\/ferrokey-catalogo-profesional-primavera-2017-001.jpg\",\"keywords\":[\"Cat\u00e1logo\",\"profesional\"],\"articleSection\":[\"Cat\u00e1logos\",\"Profesional\"],\"inLanguage\":\"es\",\"potentialAction\":[{\"@type\":\"CommentAction\",\"name\":\"Comment\",\"target\":[\"https:\\\/\\\/www.ferrogal.com\\\/blog\\\/2017\\\/04\\\/28\\\/catalogo-profesional-primavera-2017-de-comafe\\\/#respond\"]}]},{\"@type\":\"WebPage\",\"@id\":\"https:\\\/\\\/www.ferrogal.com\\\/blog\\\/2017\\\/04\\\/28\\\/catalogo-profesional-primavera-2017-de-comafe\\\/\",\"url\":\"https:\\\/\\\/www.ferrogal.com\\\/blog\\\/2017\\\/04\\\/28\\\/catalogo-profesional-primavera-2017-de-comafe\\\/\",\"name\":\"Catalogo profesional primavera 2017 de Comafe - Ferreter\u00eda Ferrogal\",\"isPartOf\":{\"@id\":\"https:\\\/\\\/www.ferrogal.com\\\/blog\\\/#website\"},\"primaryImageOfPage\":{\"@id\":\"https:\\\/\\\/www.ferrogal.com\\\/blog\\\/2017\\\/04\\\/28\\\/catalogo-profesional-primavera-2017-de-comafe\\\/#primaryimage\"},\"image\":{\"@id\":\"https:\\\/\\\/www.ferrogal.com\\\/blog\\\/2017\\\/04\\\/28\\\/catalogo-profesional-primavera-2017-de-comafe\\\/#primaryimage\"},\"thumbnailUrl\":\"https:\\\/\\\/www.ferrogal.com\\\/blog\\\/wp-content\\\/uploads\\\/2017\\\/04\\\/ferrokey-catalogo-profesional-primavera-2017-001.jpg\",\"datePublished\":\"2017-04-28T15:09:37+00:00\",\"dateModified\":\"2017-04-28T15:12:39+00:00\",\"breadcrumb\":{\"@id\":\"https:\\\/\\\/www.ferrogal.com\\\/blog\\\/2017\\\/04\\\/28\\\/catalogo-profesional-primavera-2017-de-comafe\\\/#breadcrumb\"},\"inLanguage\":\"es\",\"potentialAction\":[{\"@type\":\"ReadAction\",\"target\":[\"https:\\\/\\\/www.ferrogal.com\\\/blog\\\/2017\\\/04\\\/28\\\/catalogo-profesional-primavera-2017-de-comafe\\\/\"]}]},{\"@type\":\"ImageObject\",\"inLanguage\":\"es\",\"@id\":\"https:\\\/\\\/www.ferrogal.com\\\/blog\\\/2017\\\/04\\\/28\\\/catalogo-profesional-primavera-2017-de-comafe\\\/#primaryimage\",\"url\":\"https:\\\/\\\/www.ferrogal.com\\\/blog\\\/wp-content\\\/uploads\\\/2017\\\/04\\\/ferrokey-catalogo-profesional-primavera-2017-001.jpg\",\"contentUrl\":\"https:\\\/\\\/www.ferrogal.com\\\/blog\\\/wp-content\\\/uploads\\\/2017\\\/04\\\/ferrokey-catalogo-profesional-primavera-2017-001.jpg\",\"width\":1191,\"height\":1684},{\"@type\":\"BreadcrumbList\",\"@id\":\"https:\\\/\\\/www.ferrogal.com\\\/blog\\\/2017\\\/04\\\/28\\\/catalogo-profesional-primavera-2017-de-comafe\\\/#breadcrumb\",\"itemListElement\":[{\"@type\":\"ListItem\",\"position\":1,\"name\":\"Portada\",\"item\":\"https:\\\/\\\/www.ferrogal.com\\\/blog\\\/\"},{\"@type\":\"ListItem\",\"position\":2,\"name\":\"Cat\u00e1logos\",\"item\":\"https:\\\/\\\/www.ferrogal.com\\\/blog\\\/category\\\/catalogos\\\/\"},{\"@type\":\"ListItem\",\"position\":3,\"name\":\"Catalogo profesional primavera 2017 de Comafe\"}]},{\"@type\":\"WebSite\",\"@id\":\"https:\\\/\\\/www.ferrogal.com\\\/blog\\\/#website\",\"url\":\"https:\\\/\\\/www.ferrogal.com\\\/blog\\\/\",\"name\":\"Ferreter\u00eda Ferrogal\",\"description\":\"Zamora 980 519 720 \\\/ 980 526 018\",\"publisher\":{\"@id\":\"https:\\\/\\\/www.ferrogal.com\\\/blog\\\/#organization\"},\"potentialAction\":[{\"@type\":\"SearchAction\",\"target\":{\"@type\":\"EntryPoint\",\"urlTemplate\":\"https:\\\/\\\/www.ferrogal.com\\\/blog\\\/?s={search_term_string}\"},\"query-input\":{\"@type\":\"PropertyValueSpecification\",\"valueRequired\":true,\"valueName\":\"search_term_string\"}}],\"inLanguage\":\"es\"},{\"@type\":\"Organization\",\"@id\":\"https:\\\/\\\/www.ferrogal.com\\\/blog\\\/#organization\",\"name\":\"Ferreter\u00edas Ferrogal\",\"url\":\"https:\\\/\\\/www.ferrogal.com\\\/blog\\\/\",\"logo\":{\"@type\":\"ImageObject\",\"inLanguage\":\"es\",\"@id\":\"https:\\\/\\\/www.ferrogal.com\\\/blog\\\/#\\\/schema\\\/logo\\\/image\\\/\",\"url\":\"https:\\\/\\\/www.ferrogal.com\\\/blog\\\/wp-content\\\/uploads\\\/2022\\\/05\\\/logo.png\",\"contentUrl\":\"https:\\\/\\\/www.ferrogal.com\\\/blog\\\/wp-content\\\/uploads\\\/2022\\\/05\\\/logo.png\",\"width\":250,\"height\":53,\"caption\":\"Ferreter\u00edas Ferrogal\"},\"image\":{\"@id\":\"https:\\\/\\\/www.ferrogal.com\\\/blog\\\/#\\\/schema\\\/logo\\\/image\\\/\"},\"sameAs\":[\"https:\\\/\\\/www.facebook.com\\\/FERROGAL\",\"https:\\\/\\\/x.com\\\/ferrogal\",\"https:\\\/\\\/www.youtube.com\\\/user\\\/jcpgalan?feature=CBIQwRs=\"]},{\"@type\":\"Person\",\"@id\":\"https:\\\/\\\/www.ferrogal.com\\\/blog\\\/#\\\/schema\\\/person\\\/743e4c8308fe1ee9b1cad155d7ad4e1d\",\"name\":\"Ferrogal - Ferreteria online\"}]}<\/script>\n<!-- \/ Yoast SEO plugin. -->","yoast_head_json":{"title":"Catalogo profesional primavera 2017 de Comafe - Ferreter\u00eda Ferrogal","robots":{"index":"index","follow":"follow","max-snippet":"max-snippet:-1","max-image-preview":"max-image-preview:large","max-video-preview":"max-video-preview:-1"},"canonical":"https:\/\/www.ferrogal.com\/blog\/2017\/04\/28\/catalogo-profesional-primavera-2017-de-comafe\/","og_locale":"es_ES","og_type":"article","og_title":"Catalogo profesional primavera 2017 de Comafe - Ferreter\u00eda Ferrogal","og_description":"El nuevo cat\u00e1logo de Comafe destinado al Profesional arranca el d\u00eda 22 de abril y dura hasta el 23 de Junio del 2017. Nos presentan una revista de dise\u00f1o muy atractivo con una portada con un dise\u00f1o divertido y colorista. Entre sus 35 p\u00e1ginas a todo color vamos encontrando l\u00edneas como Herramientas el\u00e9ctricas en las [&hellip;]","og_url":"https:\/\/www.ferrogal.com\/blog\/2017\/04\/28\/catalogo-profesional-primavera-2017-de-comafe\/","og_site_name":"Ferreter\u00eda Ferrogal","article_publisher":"https:\/\/www.facebook.com\/FERROGAL","article_published_time":"2017-04-28T15:09:37+00:00","article_modified_time":"2017-04-28T15:12:39+00:00","og_image":[{"width":1191,"height":1684,"url":"https:\/\/www.ferrogal.com\/blog\/wp-content\/uploads\/2017\/04\/ferrokey-catalogo-profesional-primavera-2017-001.jpg","type":"image\/jpeg"}],"author":"Ferrogal - Ferreteria online","twitter_card":"summary_large_image","twitter_creator":"@ferrogal","twitter_site":"@ferrogal","twitter_misc":{"Escrito por":"Ferrogal - Ferreteria online","Tiempo de lectura":"1 minuto"},"schema":{"@context":"https:\/\/schema.org","@graph":[{"@type":"Article","@id":"https:\/\/www.ferrogal.com\/blog\/2017\/04\/28\/catalogo-profesional-primavera-2017-de-comafe\/#article","isPartOf":{"@id":"https:\/\/www.ferrogal.com\/blog\/2017\/04\/28\/catalogo-profesional-primavera-2017-de-comafe\/"},"author":{"name":"Ferrogal - Ferreteria online","@id":"https:\/\/www.ferrogal.com\/blog\/#\/schema\/person\/743e4c8308fe1ee9b1cad155d7ad4e1d"},"headline":"Catalogo profesional primavera 2017 de Comafe","datePublished":"2017-04-28T15:09:37+00:00","dateModified":"2017-04-28T15:12:39+00:00","mainEntityOfPage":{"@id":"https:\/\/www.ferrogal.com\/blog\/2017\/04\/28\/catalogo-profesional-primavera-2017-de-comafe\/"},"wordCount":181,"commentCount":0,"publisher":{"@id":"https:\/\/www.ferrogal.com\/blog\/#organization"},"image":{"@id":"https:\/\/www.ferrogal.com\/blog\/2017\/04\/28\/catalogo-profesional-primavera-2017-de-comafe\/#primaryimage"},"thumbnailUrl":"https:\/\/www.ferrogal.com\/blog\/wp-content\/uploads\/2017\/04\/ferrokey-catalogo-profesional-primavera-2017-001.jpg","keywords":["Cat\u00e1logo","profesional"],"articleSection":["Cat\u00e1logos","Profesional"],"inLanguage":"es","potentialAction":[{"@type":"CommentAction","name":"Comment","target":["https:\/\/www.ferrogal.com\/blog\/2017\/04\/28\/catalogo-profesional-primavera-2017-de-comafe\/#respond"]}]},{"@type":"WebPage","@id":"https:\/\/www.ferrogal.com\/blog\/2017\/04\/28\/catalogo-profesional-primavera-2017-de-comafe\/","url":"https:\/\/www.ferrogal.com\/blog\/2017\/04\/28\/catalogo-profesional-primavera-2017-de-comafe\/","name":"Catalogo profesional primavera 2017 de Comafe - Ferreter\u00eda Ferrogal","isPartOf":{"@id":"https:\/\/www.ferrogal.com\/blog\/#website"},"primaryImageOfPage":{"@id":"https:\/\/www.ferrogal.com\/blog\/2017\/04\/28\/catalogo-profesional-primavera-2017-de-comafe\/#primaryimage"},"image":{"@id":"https:\/\/www.ferrogal.com\/blog\/2017\/04\/28\/catalogo-profesional-primavera-2017-de-comafe\/#primaryimage"},"thumbnailUrl":"https:\/\/www.ferrogal.com\/blog\/wp-content\/uploads\/2017\/04\/ferrokey-catalogo-profesional-primavera-2017-001.jpg","datePublished":"2017-04-28T15:09:37+00:00","dateModified":"2017-04-28T15:12:39+00:00","breadcrumb":{"@id":"https:\/\/www.ferrogal.com\/blog\/2017\/04\/28\/catalogo-profesional-primavera-2017-de-comafe\/#breadcrumb"},"inLanguage":"es","potentialAction":[{"@type":"ReadAction","target":["https:\/\/www.ferrogal.com\/blog\/2017\/04\/28\/catalogo-profesional-primavera-2017-de-comafe\/"]}]},{"@type":"ImageObject","inLanguage":"es","@id":"https:\/\/www.ferrogal.com\/blog\/2017\/04\/28\/catalogo-profesional-primavera-2017-de-comafe\/#primaryimage","url":"https:\/\/www.ferrogal.com\/blog\/wp-content\/uploads\/2017\/04\/ferrokey-catalogo-profesional-primavera-2017-001.jpg","contentUrl":"https:\/\/www.ferrogal.com\/blog\/wp-content\/uploads\/2017\/04\/ferrokey-catalogo-profesional-primavera-2017-001.jpg","width":1191,"height":1684},{"@type":"BreadcrumbList","@id":"https:\/\/www.ferrogal.com\/blog\/2017\/04\/28\/catalogo-profesional-primavera-2017-de-comafe\/#breadcrumb","itemListElement":[{"@type":"ListItem","position":1,"name":"Portada","item":"https:\/\/www.ferrogal.com\/blog\/"},{"@type":"ListItem","position":2,"name":"Cat\u00e1logos","item":"https:\/\/www.ferrogal.com\/blog\/category\/catalogos\/"},{"@type":"ListItem","position":3,"name":"Catalogo profesional primavera 2017 de Comafe"}]},{"@type":"WebSite","@id":"https:\/\/www.ferrogal.com\/blog\/#website","url":"https:\/\/www.ferrogal.com\/blog\/","name":"Ferreter\u00eda Ferrogal","description":"Zamora 980 519 720 \/ 980 526 018","publisher":{"@id":"https:\/\/www.ferrogal.com\/blog\/#organization"},"potentialAction":[{"@type":"SearchAction","target":{"@type":"EntryPoint","urlTemplate":"https:\/\/www.ferrogal.com\/blog\/?s={search_term_string}"},"query-input":{"@type":"PropertyValueSpecification","valueRequired":true,"valueName":"search_term_string"}}],"inLanguage":"es"},{"@type":"Organization","@id":"https:\/\/www.ferrogal.com\/blog\/#organization","name":"Ferreter\u00edas Ferrogal","url":"https:\/\/www.ferrogal.com\/blog\/","logo":{"@type":"ImageObject","inLanguage":"es","@id":"https:\/\/www.ferrogal.com\/blog\/#\/schema\/logo\/image\/","url":"https:\/\/www.ferrogal.com\/blog\/wp-content\/uploads\/2022\/05\/logo.png","contentUrl":"https:\/\/www.ferrogal.com\/blog\/wp-content\/uploads\/2022\/05\/logo.png","width":250,"height":53,"caption":"Ferreter\u00edas Ferrogal"},"image":{"@id":"https:\/\/www.ferrogal.com\/blog\/#\/schema\/logo\/image\/"},"sameAs":["https:\/\/www.facebook.com\/FERROGAL","https:\/\/x.com\/ferrogal","https:\/\/www.youtube.com\/user\/jcpgalan?feature=CBIQwRs="]},{"@type":"Person","@id":"https:\/\/www.ferrogal.com\/blog\/#\/schema\/person\/743e4c8308fe1ee9b1cad155d7ad4e1d","name":"Ferrogal - Ferreteria online"}]}},"_links":{"self":[{"href":"https:\/\/www.ferrogal.com\/blog\/wp-json\/wp\/v2\/posts\/1269","targetHints":{"allow":["GET"]}}],"collection":[{"href":"https:\/\/www.ferrogal.com\/blog\/wp-json\/wp\/v2\/posts"}],"about":[{"href":"https:\/\/www.ferrogal.com\/blog\/wp-json\/wp\/v2\/types\/post"}],"author":[{"embeddable":true,"href":"https:\/\/www.ferrogal.com\/blog\/wp-json\/wp\/v2\/users\/1"}],"replies":[{"embeddable":true,"href":"https:\/\/www.ferrogal.com\/blog\/wp-json\/wp\/v2\/comments?post=1269"}],"version-history":[{"count":0,"href":"https:\/\/www.ferrogal.com\/blog\/wp-json\/wp\/v2\/posts\/1269\/revisions"}],"wp:featuredmedia":[{"embeddable":true,"href":"https:\/\/www.ferrogal.com\/blog\/wp-json\/wp\/v2\/media\/1270"}],"wp:attachment":[{"href":"https:\/\/www.ferrogal.com\/blog\/wp-json\/wp\/v2\/media?parent=1269"}],"wp:term":[{"taxonomy":"category","embeddable":true,"href":"https:\/\/www.ferrogal.com\/blog\/wp-json\/wp\/v2\/categories?post=1269"},{"taxonomy":"post_tag","embeddable":true,"href":"https:\/\/www.ferrogal.com\/blog\/wp-json\/wp\/v2\/tags?post=1269"}],"curies":[{"name":"wp","href":"https:\/\/api.w.org\/{rel}","templated":true}]}}