{"id":1045,"date":"2015-10-06T10:59:00","date_gmt":"2015-10-06T08:59:00","guid":{"rendered":"http:\/\/www.ferrogal.com\/blog\/?p=1045"},"modified":"2015-10-06T11:41:35","modified_gmt":"2015-10-06T09:41:35","slug":"catalogo-calefaccion-2015-de-ferrokey","status":"publish","type":"post","link":"https:\/\/www.ferrogal.com\/blog\/2015\/10\/06\/catalogo-calefaccion-2015-de-ferrokey\/","title":{"rendered":"Cat\u00e1logo Calefacci\u00f3n 2015 de Ferrokey"},"content":{"rendered":"<p style=\"text-align: center;\">Esta a\u00f1o el cat\u00e1logo de calefacci\u00f3n de Ferrokey se lanza el 26 de septiembre del 2015 hasta el 8 de enero del 2016, como siempre la revista se edita en con una gran calidad que invita a los usuarios a guardarla a lo largo de toda la temporada.<\/p>\n<p style=\"text-align: center;\"><a href=\"http:\/\/www.ferrogal.com\/index.html\"><img fetchpriority=\"high\" decoding=\"async\" class=\"aligncenter size-medium wp-image-1046\" title=\"00001\" src=\"http:\/\/www.ferrogal.com\/blog\/wp-content\/uploads\/2015\/10\/00001-246x300.jpg\" alt=\"\" width=\"246\" height=\"300\" srcset=\"https:\/\/www.ferrogal.com\/blog\/wp-content\/uploads\/2015\/10\/00001-246x300.jpg 246w, https:\/\/www.ferrogal.com\/blog\/wp-content\/uploads\/2015\/10\/00001.jpg 617w\" sizes=\"(max-width: 246px) 100vw, 246px\" \/><\/a><\/p>\n<p>&nbsp;<\/p>\n<p>En sus 40 hojas a todo color encontramos art\u00edculos de gran calidad entre los que podemos destacar las <a href=\"http:\/\/www.ferrogal.com\/subfamilia\/estufas-y-complementos_55.html\">estufas de le\u00f1a<\/a>, <a href=\"http:\/\/www.ferrogal.com\/subfamilia\/estufa-de-pellets_165\/1\/1\/7.html\">las estufas de pelets<\/a>, <a href=\"http:\/\/www.ferrogal.com\/familia\/estufas-electricas_39.html\">estufas el\u00e9ctricas<\/a>, <a href=\"http:\/\/www.ferrogal.com\/subfamilia\/estufas-querosenoparafina_63.html\">estufas de queroseno<\/a>, radiadores de aceite y emisores t\u00e9rmicos entre otros muchos productos.<\/p>\n<p>Si alguno de estos productos te interesa no lo dudes y entra en nuestra web desde donde lo puedes comprar y recibirlo en tu domicilio de una forma c\u00f3moda y sencilla.<\/p>\n<p>PIncha aqu\u00ed y descarga el\u00a0<a href=\"www.ferrogal.com\/descargar\/descargas\/folleto_ferrokey_calefaccion_2015.pdf\">PDF<\/a>.<\/p>\n","protected":false},"excerpt":{"rendered":"<p>Esta a\u00f1o el cat\u00e1logo de calefacci\u00f3n de Ferrokey se lanza el 26 de septiembre del 2015 hasta el 8 de enero del 2016, como siempre la revista se edita en con una gran calidad que invita a los usuarios a guardarla a lo largo de toda la temporada. &nbsp; En sus 40 hojas a todo [&hellip;]<\/p>\n","protected":false},"author":1,"featured_media":1047,"comment_status":"open","ping_status":"open","sticky":false,"template":"","format":"standard","meta":{"footnotes":""},"categories":[8,10],"tags":[46,71,48,70,67,68,69],"class_list":["post-1045","post","type-post","status-publish","format-standard","has-post-thumbnail","hentry","category-calefaccion","category-catalogos","tag-calefaccion-2","tag-electricas","tag-estufas","tag-gas","tag-lena","tag-pelets","tag-queroseno"],"yoast_head":"<!-- This site is optimized with the Yoast SEO plugin v27.4 - https:\/\/yoast.com\/product\/yoast-seo-wordpress\/ -->\n<title>Cat\u00e1logo Calefacci\u00f3n 2015 de Ferrokey - Ferreter\u00eda Ferrogal<\/title>\n<meta name=\"robots\" content=\"index, follow, max-snippet:-1, max-image-preview:large, max-video-preview:-1\" \/>\n<link rel=\"canonical\" href=\"https:\/\/www.ferrogal.com\/blog\/2015\/10\/06\/catalogo-calefaccion-2015-de-ferrokey\/\" \/>\n<meta property=\"og:locale\" content=\"es_ES\" \/>\n<meta property=\"og:type\" content=\"article\" \/>\n<meta property=\"og:title\" content=\"Cat\u00e1logo Calefacci\u00f3n 2015 de Ferrokey - Ferreter\u00eda Ferrogal\" \/>\n<meta property=\"og:description\" content=\"Esta a\u00f1o el cat\u00e1logo de calefacci\u00f3n de Ferrokey se lanza el 26 de septiembre del 2015 hasta el 8 de enero del 2016, como siempre la revista se edita en con una gran calidad que invita a los usuarios a guardarla a lo largo de toda la temporada. &nbsp; En sus 40 hojas a todo [&hellip;]\" \/>\n<meta property=\"og:url\" content=\"https:\/\/www.ferrogal.com\/blog\/2015\/10\/06\/catalogo-calefaccion-2015-de-ferrokey\/\" \/>\n<meta property=\"og:site_name\" content=\"Ferreter\u00eda Ferrogal\" \/>\n<meta property=\"article:publisher\" content=\"https:\/\/www.facebook.com\/FERROGAL\" \/>\n<meta property=\"article:published_time\" content=\"2015-10-06T08:59:00+00:00\" \/>\n<meta property=\"article:modified_time\" content=\"2015-10-06T09:41:35+00:00\" \/>\n<meta property=\"og:image\" content=\"https:\/\/www.ferrogal.com\/blog\/wp-content\/uploads\/2015\/10\/calefaccion_789x350.jpg\" \/>\n\t<meta property=\"og:image:width\" content=\"789\" \/>\n\t<meta property=\"og:image:height\" content=\"350\" \/>\n\t<meta property=\"og:image:type\" content=\"image\/jpeg\" \/>\n<meta name=\"author\" content=\"Ferrogal - Ferreteria online\" \/>\n<meta name=\"twitter:card\" content=\"summary_large_image\" \/>\n<meta name=\"twitter:creator\" content=\"@ferrogal\" \/>\n<meta name=\"twitter:site\" content=\"@ferrogal\" \/>\n<meta name=\"twitter:label1\" content=\"Escrito por\" \/>\n\t<meta name=\"twitter:data1\" content=\"Ferrogal - Ferreteria online\" \/>\n\t<meta name=\"twitter:label2\" content=\"Tiempo de lectura\" \/>\n\t<meta name=\"twitter:data2\" content=\"1 minuto\" \/>\n<script type=\"application\/ld+json\" class=\"yoast-schema-graph\">{\"@context\":\"https:\\\/\\\/schema.org\",\"@graph\":[{\"@type\":\"Article\",\"@id\":\"https:\\\/\\\/www.ferrogal.com\\\/blog\\\/2015\\\/10\\\/06\\\/catalogo-calefaccion-2015-de-ferrokey\\\/#article\",\"isPartOf\":{\"@id\":\"https:\\\/\\\/www.ferrogal.com\\\/blog\\\/2015\\\/10\\\/06\\\/catalogo-calefaccion-2015-de-ferrokey\\\/\"},\"author\":{\"name\":\"Ferrogal - Ferreteria online\",\"@id\":\"https:\\\/\\\/www.ferrogal.com\\\/blog\\\/#\\\/schema\\\/person\\\/743e4c8308fe1ee9b1cad155d7ad4e1d\"},\"headline\":\"Cat\u00e1logo Calefacci\u00f3n 2015 de Ferrokey\",\"datePublished\":\"2015-10-06T08:59:00+00:00\",\"dateModified\":\"2015-10-06T09:41:35+00:00\",\"mainEntityOfPage\":{\"@id\":\"https:\\\/\\\/www.ferrogal.com\\\/blog\\\/2015\\\/10\\\/06\\\/catalogo-calefaccion-2015-de-ferrokey\\\/\"},\"wordCount\":135,\"commentCount\":0,\"publisher\":{\"@id\":\"https:\\\/\\\/www.ferrogal.com\\\/blog\\\/#organization\"},\"image\":{\"@id\":\"https:\\\/\\\/www.ferrogal.com\\\/blog\\\/2015\\\/10\\\/06\\\/catalogo-calefaccion-2015-de-ferrokey\\\/#primaryimage\"},\"thumbnailUrl\":\"https:\\\/\\\/www.ferrogal.com\\\/blog\\\/wp-content\\\/uploads\\\/2015\\\/10\\\/calefaccion_789x350.jpg\",\"keywords\":[\"calefaccion\",\"electricas\",\"estufas\",\"gas\",\"le\u00f1a\",\"pelets\",\"queroseno\"],\"articleSection\":[\"Calefacci\u00f3n\",\"Cat\u00e1logos\"],\"inLanguage\":\"es\",\"potentialAction\":[{\"@type\":\"CommentAction\",\"name\":\"Comment\",\"target\":[\"https:\\\/\\\/www.ferrogal.com\\\/blog\\\/2015\\\/10\\\/06\\\/catalogo-calefaccion-2015-de-ferrokey\\\/#respond\"]}]},{\"@type\":\"WebPage\",\"@id\":\"https:\\\/\\\/www.ferrogal.com\\\/blog\\\/2015\\\/10\\\/06\\\/catalogo-calefaccion-2015-de-ferrokey\\\/\",\"url\":\"https:\\\/\\\/www.ferrogal.com\\\/blog\\\/2015\\\/10\\\/06\\\/catalogo-calefaccion-2015-de-ferrokey\\\/\",\"name\":\"Cat\u00e1logo Calefacci\u00f3n 2015 de Ferrokey - Ferreter\u00eda Ferrogal\",\"isPartOf\":{\"@id\":\"https:\\\/\\\/www.ferrogal.com\\\/blog\\\/#website\"},\"primaryImageOfPage\":{\"@id\":\"https:\\\/\\\/www.ferrogal.com\\\/blog\\\/2015\\\/10\\\/06\\\/catalogo-calefaccion-2015-de-ferrokey\\\/#primaryimage\"},\"image\":{\"@id\":\"https:\\\/\\\/www.ferrogal.com\\\/blog\\\/2015\\\/10\\\/06\\\/catalogo-calefaccion-2015-de-ferrokey\\\/#primaryimage\"},\"thumbnailUrl\":\"https:\\\/\\\/www.ferrogal.com\\\/blog\\\/wp-content\\\/uploads\\\/2015\\\/10\\\/calefaccion_789x350.jpg\",\"datePublished\":\"2015-10-06T08:59:00+00:00\",\"dateModified\":\"2015-10-06T09:41:35+00:00\",\"breadcrumb\":{\"@id\":\"https:\\\/\\\/www.ferrogal.com\\\/blog\\\/2015\\\/10\\\/06\\\/catalogo-calefaccion-2015-de-ferrokey\\\/#breadcrumb\"},\"inLanguage\":\"es\",\"potentialAction\":[{\"@type\":\"ReadAction\",\"target\":[\"https:\\\/\\\/www.ferrogal.com\\\/blog\\\/2015\\\/10\\\/06\\\/catalogo-calefaccion-2015-de-ferrokey\\\/\"]}]},{\"@type\":\"ImageObject\",\"inLanguage\":\"es\",\"@id\":\"https:\\\/\\\/www.ferrogal.com\\\/blog\\\/2015\\\/10\\\/06\\\/catalogo-calefaccion-2015-de-ferrokey\\\/#primaryimage\",\"url\":\"https:\\\/\\\/www.ferrogal.com\\\/blog\\\/wp-content\\\/uploads\\\/2015\\\/10\\\/calefaccion_789x350.jpg\",\"contentUrl\":\"https:\\\/\\\/www.ferrogal.com\\\/blog\\\/wp-content\\\/uploads\\\/2015\\\/10\\\/calefaccion_789x350.jpg\",\"width\":\"789\",\"height\":\"350\"},{\"@type\":\"BreadcrumbList\",\"@id\":\"https:\\\/\\\/www.ferrogal.com\\\/blog\\\/2015\\\/10\\\/06\\\/catalogo-calefaccion-2015-de-ferrokey\\\/#breadcrumb\",\"itemListElement\":[{\"@type\":\"ListItem\",\"position\":1,\"name\":\"Portada\",\"item\":\"https:\\\/\\\/www.ferrogal.com\\\/blog\\\/\"},{\"@type\":\"ListItem\",\"position\":2,\"name\":\"Calefacci\u00f3n\",\"item\":\"https:\\\/\\\/www.ferrogal.com\\\/blog\\\/category\\\/calefaccion\\\/\"},{\"@type\":\"ListItem\",\"position\":3,\"name\":\"Cat\u00e1logo Calefacci\u00f3n 2015 de Ferrokey\"}]},{\"@type\":\"WebSite\",\"@id\":\"https:\\\/\\\/www.ferrogal.com\\\/blog\\\/#website\",\"url\":\"https:\\\/\\\/www.ferrogal.com\\\/blog\\\/\",\"name\":\"Ferreter\u00eda Ferrogal\",\"description\":\"Zamora 980 519 720 \\\/ 980 526 018\",\"publisher\":{\"@id\":\"https:\\\/\\\/www.ferrogal.com\\\/blog\\\/#organization\"},\"potentialAction\":[{\"@type\":\"SearchAction\",\"target\":{\"@type\":\"EntryPoint\",\"urlTemplate\":\"https:\\\/\\\/www.ferrogal.com\\\/blog\\\/?s={search_term_string}\"},\"query-input\":{\"@type\":\"PropertyValueSpecification\",\"valueRequired\":true,\"valueName\":\"search_term_string\"}}],\"inLanguage\":\"es\"},{\"@type\":\"Organization\",\"@id\":\"https:\\\/\\\/www.ferrogal.com\\\/blog\\\/#organization\",\"name\":\"Ferreter\u00edas Ferrogal\",\"url\":\"https:\\\/\\\/www.ferrogal.com\\\/blog\\\/\",\"logo\":{\"@type\":\"ImageObject\",\"inLanguage\":\"es\",\"@id\":\"https:\\\/\\\/www.ferrogal.com\\\/blog\\\/#\\\/schema\\\/logo\\\/image\\\/\",\"url\":\"https:\\\/\\\/www.ferrogal.com\\\/blog\\\/wp-content\\\/uploads\\\/2022\\\/05\\\/logo.png\",\"contentUrl\":\"https:\\\/\\\/www.ferrogal.com\\\/blog\\\/wp-content\\\/uploads\\\/2022\\\/05\\\/logo.png\",\"width\":250,\"height\":53,\"caption\":\"Ferreter\u00edas Ferrogal\"},\"image\":{\"@id\":\"https:\\\/\\\/www.ferrogal.com\\\/blog\\\/#\\\/schema\\\/logo\\\/image\\\/\"},\"sameAs\":[\"https:\\\/\\\/www.facebook.com\\\/FERROGAL\",\"https:\\\/\\\/x.com\\\/ferrogal\",\"https:\\\/\\\/www.youtube.com\\\/user\\\/jcpgalan?feature=CBIQwRs=\"]},{\"@type\":\"Person\",\"@id\":\"https:\\\/\\\/www.ferrogal.com\\\/blog\\\/#\\\/schema\\\/person\\\/743e4c8308fe1ee9b1cad155d7ad4e1d\",\"name\":\"Ferrogal - Ferreteria online\"}]}<\/script>\n<!-- \/ Yoast SEO plugin. -->","yoast_head_json":{"title":"Cat\u00e1logo Calefacci\u00f3n 2015 de Ferrokey - Ferreter\u00eda Ferrogal","robots":{"index":"index","follow":"follow","max-snippet":"max-snippet:-1","max-image-preview":"max-image-preview:large","max-video-preview":"max-video-preview:-1"},"canonical":"https:\/\/www.ferrogal.com\/blog\/2015\/10\/06\/catalogo-calefaccion-2015-de-ferrokey\/","og_locale":"es_ES","og_type":"article","og_title":"Cat\u00e1logo Calefacci\u00f3n 2015 de Ferrokey - Ferreter\u00eda Ferrogal","og_description":"Esta a\u00f1o el cat\u00e1logo de calefacci\u00f3n de Ferrokey se lanza el 26 de septiembre del 2015 hasta el 8 de enero del 2016, como siempre la revista se edita en con una gran calidad que invita a los usuarios a guardarla a lo largo de toda la temporada. &nbsp; En sus 40 hojas a todo [&hellip;]","og_url":"https:\/\/www.ferrogal.com\/blog\/2015\/10\/06\/catalogo-calefaccion-2015-de-ferrokey\/","og_site_name":"Ferreter\u00eda Ferrogal","article_publisher":"https:\/\/www.facebook.com\/FERROGAL","article_published_time":"2015-10-06T08:59:00+00:00","article_modified_time":"2015-10-06T09:41:35+00:00","og_image":[{"width":789,"height":350,"url":"https:\/\/www.ferrogal.com\/blog\/wp-content\/uploads\/2015\/10\/calefaccion_789x350.jpg","type":"image\/jpeg"}],"author":"Ferrogal - Ferreteria online","twitter_card":"summary_large_image","twitter_creator":"@ferrogal","twitter_site":"@ferrogal","twitter_misc":{"Escrito por":"Ferrogal - Ferreteria online","Tiempo de lectura":"1 minuto"},"schema":{"@context":"https:\/\/schema.org","@graph":[{"@type":"Article","@id":"https:\/\/www.ferrogal.com\/blog\/2015\/10\/06\/catalogo-calefaccion-2015-de-ferrokey\/#article","isPartOf":{"@id":"https:\/\/www.ferrogal.com\/blog\/2015\/10\/06\/catalogo-calefaccion-2015-de-ferrokey\/"},"author":{"name":"Ferrogal - Ferreteria online","@id":"https:\/\/www.ferrogal.com\/blog\/#\/schema\/person\/743e4c8308fe1ee9b1cad155d7ad4e1d"},"headline":"Cat\u00e1logo Calefacci\u00f3n 2015 de Ferrokey","datePublished":"2015-10-06T08:59:00+00:00","dateModified":"2015-10-06T09:41:35+00:00","mainEntityOfPage":{"@id":"https:\/\/www.ferrogal.com\/blog\/2015\/10\/06\/catalogo-calefaccion-2015-de-ferrokey\/"},"wordCount":135,"commentCount":0,"publisher":{"@id":"https:\/\/www.ferrogal.com\/blog\/#organization"},"image":{"@id":"https:\/\/www.ferrogal.com\/blog\/2015\/10\/06\/catalogo-calefaccion-2015-de-ferrokey\/#primaryimage"},"thumbnailUrl":"https:\/\/www.ferrogal.com\/blog\/wp-content\/uploads\/2015\/10\/calefaccion_789x350.jpg","keywords":["calefaccion","electricas","estufas","gas","le\u00f1a","pelets","queroseno"],"articleSection":["Calefacci\u00f3n","Cat\u00e1logos"],"inLanguage":"es","potentialAction":[{"@type":"CommentAction","name":"Comment","target":["https:\/\/www.ferrogal.com\/blog\/2015\/10\/06\/catalogo-calefaccion-2015-de-ferrokey\/#respond"]}]},{"@type":"WebPage","@id":"https:\/\/www.ferrogal.com\/blog\/2015\/10\/06\/catalogo-calefaccion-2015-de-ferrokey\/","url":"https:\/\/www.ferrogal.com\/blog\/2015\/10\/06\/catalogo-calefaccion-2015-de-ferrokey\/","name":"Cat\u00e1logo Calefacci\u00f3n 2015 de Ferrokey - Ferreter\u00eda Ferrogal","isPartOf":{"@id":"https:\/\/www.ferrogal.com\/blog\/#website"},"primaryImageOfPage":{"@id":"https:\/\/www.ferrogal.com\/blog\/2015\/10\/06\/catalogo-calefaccion-2015-de-ferrokey\/#primaryimage"},"image":{"@id":"https:\/\/www.ferrogal.com\/blog\/2015\/10\/06\/catalogo-calefaccion-2015-de-ferrokey\/#primaryimage"},"thumbnailUrl":"https:\/\/www.ferrogal.com\/blog\/wp-content\/uploads\/2015\/10\/calefaccion_789x350.jpg","datePublished":"2015-10-06T08:59:00+00:00","dateModified":"2015-10-06T09:41:35+00:00","breadcrumb":{"@id":"https:\/\/www.ferrogal.com\/blog\/2015\/10\/06\/catalogo-calefaccion-2015-de-ferrokey\/#breadcrumb"},"inLanguage":"es","potentialAction":[{"@type":"ReadAction","target":["https:\/\/www.ferrogal.com\/blog\/2015\/10\/06\/catalogo-calefaccion-2015-de-ferrokey\/"]}]},{"@type":"ImageObject","inLanguage":"es","@id":"https:\/\/www.ferrogal.com\/blog\/2015\/10\/06\/catalogo-calefaccion-2015-de-ferrokey\/#primaryimage","url":"https:\/\/www.ferrogal.com\/blog\/wp-content\/uploads\/2015\/10\/calefaccion_789x350.jpg","contentUrl":"https:\/\/www.ferrogal.com\/blog\/wp-content\/uploads\/2015\/10\/calefaccion_789x350.jpg","width":"789","height":"350"},{"@type":"BreadcrumbList","@id":"https:\/\/www.ferrogal.com\/blog\/2015\/10\/06\/catalogo-calefaccion-2015-de-ferrokey\/#breadcrumb","itemListElement":[{"@type":"ListItem","position":1,"name":"Portada","item":"https:\/\/www.ferrogal.com\/blog\/"},{"@type":"ListItem","position":2,"name":"Calefacci\u00f3n","item":"https:\/\/www.ferrogal.com\/blog\/category\/calefaccion\/"},{"@type":"ListItem","position":3,"name":"Cat\u00e1logo Calefacci\u00f3n 2015 de Ferrokey"}]},{"@type":"WebSite","@id":"https:\/\/www.ferrogal.com\/blog\/#website","url":"https:\/\/www.ferrogal.com\/blog\/","name":"Ferreter\u00eda Ferrogal","description":"Zamora 980 519 720 \/ 980 526 018","publisher":{"@id":"https:\/\/www.ferrogal.com\/blog\/#organization"},"potentialAction":[{"@type":"SearchAction","target":{"@type":"EntryPoint","urlTemplate":"https:\/\/www.ferrogal.com\/blog\/?s={search_term_string}"},"query-input":{"@type":"PropertyValueSpecification","valueRequired":true,"valueName":"search_term_string"}}],"inLanguage":"es"},{"@type":"Organization","@id":"https:\/\/www.ferrogal.com\/blog\/#organization","name":"Ferreter\u00edas Ferrogal","url":"https:\/\/www.ferrogal.com\/blog\/","logo":{"@type":"ImageObject","inLanguage":"es","@id":"https:\/\/www.ferrogal.com\/blog\/#\/schema\/logo\/image\/","url":"https:\/\/www.ferrogal.com\/blog\/wp-content\/uploads\/2022\/05\/logo.png","contentUrl":"https:\/\/www.ferrogal.com\/blog\/wp-content\/uploads\/2022\/05\/logo.png","width":250,"height":53,"caption":"Ferreter\u00edas Ferrogal"},"image":{"@id":"https:\/\/www.ferrogal.com\/blog\/#\/schema\/logo\/image\/"},"sameAs":["https:\/\/www.facebook.com\/FERROGAL","https:\/\/x.com\/ferrogal","https:\/\/www.youtube.com\/user\/jcpgalan?feature=CBIQwRs="]},{"@type":"Person","@id":"https:\/\/www.ferrogal.com\/blog\/#\/schema\/person\/743e4c8308fe1ee9b1cad155d7ad4e1d","name":"Ferrogal - Ferreteria online"}]}},"_links":{"self":[{"href":"https:\/\/www.ferrogal.com\/blog\/wp-json\/wp\/v2\/posts\/1045","targetHints":{"allow":["GET"]}}],"collection":[{"href":"https:\/\/www.ferrogal.com\/blog\/wp-json\/wp\/v2\/posts"}],"about":[{"href":"https:\/\/www.ferrogal.com\/blog\/wp-json\/wp\/v2\/types\/post"}],"author":[{"embeddable":true,"href":"https:\/\/www.ferrogal.com\/blog\/wp-json\/wp\/v2\/users\/1"}],"replies":[{"embeddable":true,"href":"https:\/\/www.ferrogal.com\/blog\/wp-json\/wp\/v2\/comments?post=1045"}],"version-history":[{"count":0,"href":"https:\/\/www.ferrogal.com\/blog\/wp-json\/wp\/v2\/posts\/1045\/revisions"}],"wp:featuredmedia":[{"embeddable":true,"href":"https:\/\/www.ferrogal.com\/blog\/wp-json\/wp\/v2\/media\/1047"}],"wp:attachment":[{"href":"https:\/\/www.ferrogal.com\/blog\/wp-json\/wp\/v2\/media?parent=1045"}],"wp:term":[{"taxonomy":"category","embeddable":true,"href":"https:\/\/www.ferrogal.com\/blog\/wp-json\/wp\/v2\/categories?post=1045"},{"taxonomy":"post_tag","embeddable":true,"href":"https:\/\/www.ferrogal.com\/blog\/wp-json\/wp\/v2\/tags?post=1045"}],"curies":[{"name":"wp","href":"https:\/\/api.w.org\/{rel}","templated":true}]}}